{"id":2405,"date":"2019-07-30T17:02:15","date_gmt":"2019-07-30T20:02:15","guid":{"rendered":"http:\/\/www.tribunanf.com.br\/blogdoralfereis\/?p=2405"},"modified":"2019-07-30T17:02:15","modified_gmt":"2019-07-30T20:02:15","slug":"cabral-e-condenado-novamente-e-suas-penas-somam-215-anos-de-prisao","status":"publish","type":"post","link":"https:\/\/www.tribunanf.com.br\/blogdoralfereis\/2019\/07\/30\/cabral-e-condenado-novamente-e-suas-penas-somam-215-anos-de-prisao\/","title":{"rendered":"Cabral \u00e9 condenado novamente, e suas penas somam 215 anos de pris\u00e3o"},"content":{"rendered":"<p><img loading=\"lazy\" decoding=\"async\" class=\"aligncenter size-full wp-image-109\" src=\"http:\/\/www.tribunanf.com.br\/blogdoralfereis\/wp-content\/uploads\/sites\/11\/2018\/06\/Sergio-Cabral-840x560.jpg\" alt=\"\" width=\"840\" height=\"560\" srcset=\"https:\/\/www.tribunanf.com.br\/blogdoralfereis\/wp-content\/uploads\/sites\/11\/2018\/06\/Sergio-Cabral-840x560.jpg 840w, https:\/\/www.tribunanf.com.br\/blogdoralfereis\/wp-content\/uploads\/sites\/11\/2018\/06\/Sergio-Cabral-840x560-300x200.jpg 300w, https:\/\/www.tribunanf.com.br\/blogdoralfereis\/wp-content\/uploads\/sites\/11\/2018\/06\/Sergio-Cabral-840x560-768x512.jpg 768w\" sizes=\"auto, (max-width: 840px) 100vw, 840px\" \/><\/p>\n<p style=\"text-align: justify;\">Marcelo Bretas condenou S\u00e9rgio Cabral mais uma vez hoje. Com a nova senten\u00e7a, de 18 anos de pris\u00e3o por corrup\u00e7\u00e3o passiva, as penas do ex-governador do Rio na Lava Jato\u00a0j\u00e1 somam 215 anos e 11 meses, informa O Globo.<\/p>\n<p style=\"text-align: justify;\">Tamb\u00e9m foram condenados o empres\u00e1rio Marco Ant\u00f4nio de Luca (32 anos por corrup\u00e7\u00e3o, lavagem de dinheiro e pertencimento a organiza\u00e7\u00e3o criminosa) e o operador Luiz Carlos Bezerra (8 anos e 3 meses), acrescenta o jornal carioca.<\/p>\n<p style=\"text-align: justify;\">De Luca \u00e9 acusado de ter pago propina para ser favorecido no fornecimento de merenda para escolas e \u201cquentinhas\u201d para pres\u00eddios do estado.<\/p>\n<p style=\"text-align: justify;\">Segundo o MPF, de janeiro de 2007 a novembro de 2016, a propina a Cabral em raz\u00e3o dos contratos firmados por De Luca com o governo fluminense superou os R$ 16,7 milh\u00f5es.<\/p>\n<p style=\"text-align: justify;\">Fonte: O Antagonista<\/p>\n","protected":false},"excerpt":{"rendered":"<p>Marcelo Bretas condenou S\u00e9rgio Cabral mais uma vez hoje. Com a nova senten\u00e7a, de 18 anos de pris\u00e3o por corrup\u00e7\u00e3o&#8230;<\/p>\n","protected":false},"author":2,"featured_media":109,"comment_status":"open","ping_status":"open","sticky":false,"template":"","format":"standard","meta":{"colormag_page_container_layout":"default_layout","colormag_page_sidebar_layout":"default_layout","jetpack_post_was_ever_published":false,"_jetpack_newsletter_access":"","_jetpack_dont_email_post_to_subs":false,"_jetpack_newsletter_tier_id":0,"_jetpack_memberships_contains_paywalled_content":false,"_jetpack_memberships_contains_paid_content":false,"footnotes":""},"categories":[2],"tags":[],"class_list":["post-2405","post","type-post","status-publish","format-standard","has-post-thumbnail","hentry","category-politica"],"jetpack_featured_media_url":"https:\/\/www.tribunanf.com.br\/blogdoralfereis\/wp-content\/uploads\/sites\/11\/2018\/06\/Sergio-Cabral-840x560.jpg","jetpack_sharing_enabled":true,"_links":{"self":[{"href":"https:\/\/www.tribunanf.com.br\/blogdoralfereis\/wp-json\/wp\/v2\/posts\/2405","targetHints":{"allow":["GET"]}}],"collection":[{"href":"https:\/\/www.tribunanf.com.br\/blogdoralfereis\/wp-json\/wp\/v2\/posts"}],"about":[{"href":"https:\/\/www.tribunanf.com.br\/blogdoralfereis\/wp-json\/wp\/v2\/types\/post"}],"author":[{"embeddable":true,"href":"https:\/\/www.tribunanf.com.br\/blogdoralfereis\/wp-json\/wp\/v2\/users\/2"}],"replies":[{"embeddable":true,"href":"https:\/\/www.tribunanf.com.br\/blogdoralfereis\/wp-json\/wp\/v2\/comments?post=2405"}],"version-history":[{"count":0,"href":"https:\/\/www.tribunanf.com.br\/blogdoralfereis\/wp-json\/wp\/v2\/posts\/2405\/revisions"}],"wp:featuredmedia":[{"embeddable":true,"href":"https:\/\/www.tribunanf.com.br\/blogdoralfereis\/wp-json\/wp\/v2\/media\/109"}],"wp:attachment":[{"href":"https:\/\/www.tribunanf.com.br\/blogdoralfereis\/wp-json\/wp\/v2\/media?parent=2405"}],"wp:term":[{"taxonomy":"category","embeddable":true,"href":"https:\/\/www.tribunanf.com.br\/blogdoralfereis\/wp-json\/wp\/v2\/categories?post=2405"},{"taxonomy":"post_tag","embeddable":true,"href":"https:\/\/www.tribunanf.com.br\/blogdoralfereis\/wp-json\/wp\/v2\/tags?post=2405"}],"curies":[{"name":"wp","href":"https:\/\/api.w.org\/{rel}","templated":true}]}}