{"id":235,"date":"2018-06-17T10:01:35","date_gmt":"2018-06-17T13:01:35","guid":{"rendered":"http:\/\/www.tribunanf.com.br\/blogdoralfereis\/?p=235"},"modified":"2018-06-17T10:09:52","modified_gmt":"2018-06-17T13:09:52","slug":"renatinho-do-eldorado-impetra-mandado-de-seguranca-para-assumir-vaga-na-camara-de-campos","status":"publish","type":"post","link":"https:\/\/www.tribunanf.com.br\/blogdoralfereis\/2018\/06\/17\/renatinho-do-eldorado-impetra-mandado-de-seguranca-para-assumir-vaga-na-camara-de-campos\/","title":{"rendered":"Renatinho do Eldorado impetra mandado de seguran\u00e7a para assumir vaga na C\u00e2mara de Campos"},"content":{"rendered":"<p><img loading=\"lazy\" decoding=\"async\" class=\"aligncenter size-full wp-image-236\" src=\"http:\/\/www.tribunanf.com.br\/blogdoralfereis\/wp-content\/uploads\/sites\/11\/2018\/06\/renatinho-do-eldorado-c.jpg\" alt=\"\" width=\"645\" height=\"338\" srcset=\"https:\/\/www.tribunanf.com.br\/blogdoralfereis\/wp-content\/uploads\/sites\/11\/2018\/06\/renatinho-do-eldorado-c.jpg 645w, https:\/\/www.tribunanf.com.br\/blogdoralfereis\/wp-content\/uploads\/sites\/11\/2018\/06\/renatinho-do-eldorado-c-300x157.jpg 300w, https:\/\/www.tribunanf.com.br\/blogdoralfereis\/wp-content\/uploads\/sites\/11\/2018\/06\/renatinho-do-eldorado-c-390x205.jpg 390w\" sizes=\"auto, (max-width: 645px) 100vw, 645px\" \/><\/p>\n<p style=\"text-align: justify;\">O suplente de vereador Jos\u00e9 Renato de Oliveira de Matos, o Renatinho do Eldorado, impetrou um mandado de seguran\u00e7a contra o presidente da C\u00e2mara Municipal de Campos Marcus Welber, o Marc\u00e3o Gomes, para assumir a vaga no legislativo.<\/p>\n<p style=\"text-align: justify;\">Renatinho \u00e9 o quinto suplente do PTC, obteve\u00a01.225 votos, e busca a vaga ap\u00f3s o terceiro suplente Felisberto Paulo Leite, o Beto Cabeludo, n\u00e3o comparecer para tomar posse no prazo legal.<\/p>\n<p style=\"text-align: justify;\">&#8220;Como se pode inferir da leitura do Di\u00e1rio Oficial do Munic\u00edpio de Campos dos Goytacazes-RJ, do dia 10 de Maio do ano de 2018, nesta mesma data, foram convocados para assumir o Mandato de Vereador os 3\u00ba e 4\u00ba Suplentes, Felisberto Paulo Leite Pessanha (Beto Cabeludo) e Jairo Videira Macedo, em substitui\u00e7\u00e3o ao Vereador eleito Amaro Roberto Pinto e ao Vereador em exerc\u00edcio, Carlos Alberto Carvalho Nunes (Carlinhos Cana\u00e3), todos do PTC PARTIDO TRABALHISTA CRIST\u00c3O.<\/p>\n<p style=\"text-align: justify;\">Ocorre, que embora convocado pelo ato executivo n\u00ba 0021\/2018, publicado no Di\u00e1rio Oficial do dia 10\/05\/2018, e j\u00e1 decorridos os 15 (quinze) dias previstos no \u00a7 1\u00ba do artigo 136 do Regimento Interno desta Casa Legislativa, at\u00e9 o momento o Terceiro Suplente Felisberto Paulo Leite Pessanha (Beto Cabeludo) n\u00e3o compareceu para tomar posse do cargo de Vereador.&#8221;, alega a defesa de Renatinho.<\/p>\n<p style=\"text-align: justify;\">No mandado de seguran\u00e7a impetrado por Renatinho h\u00e1 um pedido de liminar que ser\u00e1 julgado ap\u00f3s Marc\u00e3o Gomes receber a notifica\u00e7\u00e3o para apresentar contrarraz\u00f5es. Por\u00e9m, a justi\u00e7a ainda n\u00e3o conseguiu notificar o presidente da C\u00e2mara por ele n\u00e3o se encontrar no legislativo durante as tentativas.<\/p>\n","protected":false},"excerpt":{"rendered":"<p>O suplente de vereador Jos\u00e9 Renato de Oliveira de Matos, o Renatinho do Eldorado, impetrou um mandado de seguran\u00e7a contra&#8230;<\/p>\n","protected":false},"author":2,"featured_media":236,"comment_status":"open","ping_status":"open","sticky":false,"template":"","format":"standard","meta":{"colormag_page_container_layout":"default_layout","colormag_page_sidebar_layout":"default_layout","jetpack_post_was_ever_published":false,"_jetpack_newsletter_access":"","_jetpack_dont_email_post_to_subs":false,"_jetpack_newsletter_tier_id":0,"_jetpack_memberships_contains_paywalled_content":false,"_jetpack_memberships_contains_paid_content":false,"footnotes":""},"categories":[2],"tags":[],"class_list":["post-235","post","type-post","status-publish","format-standard","has-post-thumbnail","hentry","category-politica"],"jetpack_featured_media_url":"https:\/\/www.tribunanf.com.br\/blogdoralfereis\/wp-content\/uploads\/sites\/11\/2018\/06\/renatinho-do-eldorado-c.jpg","jetpack_sharing_enabled":true,"_links":{"self":[{"href":"https:\/\/www.tribunanf.com.br\/blogdoralfereis\/wp-json\/wp\/v2\/posts\/235","targetHints":{"allow":["GET"]}}],"collection":[{"href":"https:\/\/www.tribunanf.com.br\/blogdoralfereis\/wp-json\/wp\/v2\/posts"}],"about":[{"href":"https:\/\/www.tribunanf.com.br\/blogdoralfereis\/wp-json\/wp\/v2\/types\/post"}],"author":[{"embeddable":true,"href":"https:\/\/www.tribunanf.com.br\/blogdoralfereis\/wp-json\/wp\/v2\/users\/2"}],"replies":[{"embeddable":true,"href":"https:\/\/www.tribunanf.com.br\/blogdoralfereis\/wp-json\/wp\/v2\/comments?post=235"}],"version-history":[{"count":0,"href":"https:\/\/www.tribunanf.com.br\/blogdoralfereis\/wp-json\/wp\/v2\/posts\/235\/revisions"}],"wp:featuredmedia":[{"embeddable":true,"href":"https:\/\/www.tribunanf.com.br\/blogdoralfereis\/wp-json\/wp\/v2\/media\/236"}],"wp:attachment":[{"href":"https:\/\/www.tribunanf.com.br\/blogdoralfereis\/wp-json\/wp\/v2\/media?parent=235"}],"wp:term":[{"taxonomy":"category","embeddable":true,"href":"https:\/\/www.tribunanf.com.br\/blogdoralfereis\/wp-json\/wp\/v2\/categories?post=235"},{"taxonomy":"post_tag","embeddable":true,"href":"https:\/\/www.tribunanf.com.br\/blogdoralfereis\/wp-json\/wp\/v2\/tags?post=235"}],"curies":[{"name":"wp","href":"https:\/\/api.w.org\/{rel}","templated":true}]}}