{"id":2326,"date":"2019-07-09T15:23:47","date_gmt":"2019-07-09T18:23:47","guid":{"rendered":"http:\/\/www.tribunanf.com.br\/blogdoralfereis\/?p=2326"},"modified":"2019-07-09T15:23:47","modified_gmt":"2019-07-09T18:23:47","slug":"chequinho-1a-camara-criminal-do-tj-se-declara-suspeita-para-julgar-garotinho","status":"publish","type":"post","link":"https:\/\/www.tribunanf.com.br\/blogdoralfereis\/2019\/07\/09\/chequinho-1a-camara-criminal-do-tj-se-declara-suspeita-para-julgar-garotinho\/","title":{"rendered":"Chequinho: 1\u00aa C\u00e2mara Criminal do TJ se declara suspeita para julgar Garotinho"},"content":{"rendered":"<p><img loading=\"lazy\" decoding=\"async\" class=\"aligncenter size-full wp-image-429\" src=\"http:\/\/www.tribunanf.com.br\/blogdoralfereis\/wp-content\/uploads\/sites\/11\/2018\/07\/garotinho.jpg\" alt=\"\" width=\"768\" height=\"512\" srcset=\"https:\/\/www.tribunanf.com.br\/blogdoralfereis\/wp-content\/uploads\/sites\/11\/2018\/07\/garotinho.jpg 768w, https:\/\/www.tribunanf.com.br\/blogdoralfereis\/wp-content\/uploads\/sites\/11\/2018\/07\/garotinho-300x200.jpg 300w\" sizes=\"auto, (max-width: 768px) 100vw, 768px\" \/><\/p>\n<p style=\"text-align: justify;\">A Primeira C\u00e2mara Criminal do Tribunal de Justi\u00e7a do Rio de Janeiro se declarou impedida para julgar os recursos do ex-governador Anthony Garotinho, no caso da opera\u00e7\u00e3o Chequinho, que tramita na justi\u00e7a comum. A decis\u00e3o ocorreu na sess\u00e3o desta ter\u00e7a-feira (9).<\/p>\n<p style=\"text-align: justify;\">Na \u00faltima semana, a Desembargadora Maria Sandra Kayat Direito suspendeu os efeitos da decis\u00e3o da 2\u00aa Vara Criminal de Campos dos Goytacazes que imp\u00f4s medidas cautelares ao ex-governador, para analisar o pedido de suspei\u00e7\u00e3o contra o presidente da turma, o desembargador Luiz Zveiter.<\/p>\n<p style=\"text-align: justify;\">Por unanimidade, os desembargadores acolheram a quest\u00e3o de ordem da defesa de Garotinho e encaminhou o recurso para redistribui\u00e7\u00e3o.<\/p>\n<p style=\"text-align: justify;\"><em>&#8220;POR UNANIMIDADE DE VOTOS, ACOLHER A QUEST\u00c3O DE ORDEM E DECLARAR A SUSPEI\u00c7\u00c3O DA 1.\u00aa C\u00c2MARA CRIMINAL PARA APRECIA\u00c7\u00c3O DO FEITO, QUE DEVER\u00c1 SER REMETIDO \u00c0 EGR\u00c9GIA SEGUNDA VICE-PRESID\u00caNCIA PARA REDISTRIBUI\u00c7\u00c3O, DANDO-SE BAIXA NO ACERVO DO RELATOR, NOS TERMOS DO VOTO DA RELATORA. Lavrar\u00e1 o ac\u00f3rd\u00e3o o(a) Exmo(a). Sr.(Sra.) DES. MARIA SANDRA KAYAT DIREITO.Participaram do julgamento os Exmos. Srs.: DES. MARIA SANDRA KAYAT DIREITO, DES. MARCUS HENRIQUE PINTO BASILIO e DES. ANTONIO JAYME BOENTE.&#8221;<\/em><\/p>\n","protected":false},"excerpt":{"rendered":"<p>A Primeira C\u00e2mara Criminal do Tribunal de Justi\u00e7a do Rio de Janeiro se declarou impedida para julgar os recursos do&#8230;<\/p>\n","protected":false},"author":2,"featured_media":429,"comment_status":"open","ping_status":"open","sticky":false,"template":"","format":"standard","meta":{"colormag_page_container_layout":"default_layout","colormag_page_sidebar_layout":"default_layout","jetpack_post_was_ever_published":false,"_jetpack_newsletter_access":"","_jetpack_dont_email_post_to_subs":false,"_jetpack_newsletter_tier_id":0,"_jetpack_memberships_contains_paywalled_content":false,"_jetpack_memberships_contains_paid_content":false,"footnotes":""},"categories":[2],"tags":[],"class_list":["post-2326","post","type-post","status-publish","format-standard","has-post-thumbnail","hentry","category-politica"],"jetpack_featured_media_url":"https:\/\/www.tribunanf.com.br\/blogdoralfereis\/wp-content\/uploads\/sites\/11\/2018\/07\/garotinho.jpg","jetpack_sharing_enabled":true,"_links":{"self":[{"href":"https:\/\/www.tribunanf.com.br\/blogdoralfereis\/wp-json\/wp\/v2\/posts\/2326","targetHints":{"allow":["GET"]}}],"collection":[{"href":"https:\/\/www.tribunanf.com.br\/blogdoralfereis\/wp-json\/wp\/v2\/posts"}],"about":[{"href":"https:\/\/www.tribunanf.com.br\/blogdoralfereis\/wp-json\/wp\/v2\/types\/post"}],"author":[{"embeddable":true,"href":"https:\/\/www.tribunanf.com.br\/blogdoralfereis\/wp-json\/wp\/v2\/users\/2"}],"replies":[{"embeddable":true,"href":"https:\/\/www.tribunanf.com.br\/blogdoralfereis\/wp-json\/wp\/v2\/comments?post=2326"}],"version-history":[{"count":0,"href":"https:\/\/www.tribunanf.com.br\/blogdoralfereis\/wp-json\/wp\/v2\/posts\/2326\/revisions"}],"wp:featuredmedia":[{"embeddable":true,"href":"https:\/\/www.tribunanf.com.br\/blogdoralfereis\/wp-json\/wp\/v2\/media\/429"}],"wp:attachment":[{"href":"https:\/\/www.tribunanf.com.br\/blogdoralfereis\/wp-json\/wp\/v2\/media?parent=2326"}],"wp:term":[{"taxonomy":"category","embeddable":true,"href":"https:\/\/www.tribunanf.com.br\/blogdoralfereis\/wp-json\/wp\/v2\/categories?post=2326"},{"taxonomy":"post_tag","embeddable":true,"href":"https:\/\/www.tribunanf.com.br\/blogdoralfereis\/wp-json\/wp\/v2\/tags?post=2326"}],"curies":[{"name":"wp","href":"https:\/\/api.w.org\/{rel}","templated":true}]}}