{"id":2272,"date":"2019-06-27T14:50:24","date_gmt":"2019-06-27T17:50:24","guid":{"rendered":"http:\/\/www.tribunanf.com.br\/blogdoralfereis\/?p=2272"},"modified":"2025-03-06T15:33:39","modified_gmt":"2025-03-06T18:33:39","slug":"psc-lanca-wilson-witzel-candidato-a-presidente","status":"publish","type":"post","link":"https:\/\/www.tribunanf.com.br\/blogdoralfereis\/2019\/06\/27\/psc-lanca-wilson-witzel-candidato-a-presidente\/","title":{"rendered":"PSC &#8216;lan\u00e7a&#8217; Wilson Witzel candidato a presidente"},"content":{"rendered":"<p>&nbsp;<\/p>\n<p style=\"text-align: justify;\">O PSC &#8216;lan\u00e7ou&#8217; <strong>Wilson Witzel <\/strong>candidato a presidente. Durante a conven\u00e7\u00e3o do partido em Bras\u00edlia, h\u00e1 pouco, ele foi recebido aos gritos de &#8220;presidente&#8221;.<\/p>\n<p style=\"text-align: justify;\">Pastor Everaldo, mandat\u00e1rio da legenda, tratou com uma &#8220;felicidade&#8221; a poss\u00edvel candidatura do correligion\u00e1rio ao Pal\u00e1cio do Planalto em 2022.<\/p>\n<p style=\"text-align: justify;\">No auge da empolga\u00e7\u00e3o, Everaldo classificou Witzel, que tem seis meses de experi\u00eancia no Executivo fluminense, como o &#8220;estadista&#8221; de que o Brasil precisa.<\/p>\n<p style=\"text-align: justify;\">Na conven\u00e7\u00e3o, Witzel foi eleito presidente de honra do partido.<\/p>\n<p>*Com informa\u00e7\u00f5es Blog do Lauro Jardim.<\/p>\n","protected":false},"excerpt":{"rendered":"<p>&nbsp; O PSC &#8216;lan\u00e7ou&#8217; Wilson Witzel candidato a presidente. Durante a conven\u00e7\u00e3o do partido em Bras\u00edlia, h\u00e1 pouco, ele foi&#8230;<\/p>\n","protected":false},"author":2,"featured_media":0,"comment_status":"open","ping_status":"open","sticky":false,"template":"","format":"standard","meta":{"colormag_page_container_layout":"default_layout","colormag_page_sidebar_layout":"default_layout","jetpack_post_was_ever_published":false,"_jetpack_newsletter_access":"","_jetpack_dont_email_post_to_subs":false,"_jetpack_newsletter_tier_id":0,"_jetpack_memberships_contains_paywalled_content":false,"_jetpack_memberships_contains_paid_content":false,"footnotes":""},"categories":[2],"tags":[],"class_list":["post-2272","post","type-post","status-publish","format-standard","hentry","category-politica"],"jetpack_featured_media_url":"","jetpack_sharing_enabled":true,"_links":{"self":[{"href":"https:\/\/www.tribunanf.com.br\/blogdoralfereis\/wp-json\/wp\/v2\/posts\/2272","targetHints":{"allow":["GET"]}}],"collection":[{"href":"https:\/\/www.tribunanf.com.br\/blogdoralfereis\/wp-json\/wp\/v2\/posts"}],"about":[{"href":"https:\/\/www.tribunanf.com.br\/blogdoralfereis\/wp-json\/wp\/v2\/types\/post"}],"author":[{"embeddable":true,"href":"https:\/\/www.tribunanf.com.br\/blogdoralfereis\/wp-json\/wp\/v2\/users\/2"}],"replies":[{"embeddable":true,"href":"https:\/\/www.tribunanf.com.br\/blogdoralfereis\/wp-json\/wp\/v2\/comments?post=2272"}],"version-history":[{"count":0,"href":"https:\/\/www.tribunanf.com.br\/blogdoralfereis\/wp-json\/wp\/v2\/posts\/2272\/revisions"}],"wp:attachment":[{"href":"https:\/\/www.tribunanf.com.br\/blogdoralfereis\/wp-json\/wp\/v2\/media?parent=2272"}],"wp:term":[{"taxonomy":"category","embeddable":true,"href":"https:\/\/www.tribunanf.com.br\/blogdoralfereis\/wp-json\/wp\/v2\/categories?post=2272"},{"taxonomy":"post_tag","embeddable":true,"href":"https:\/\/www.tribunanf.com.br\/blogdoralfereis\/wp-json\/wp\/v2\/tags?post=2272"}],"curies":[{"name":"wp","href":"https:\/\/api.w.org\/{rel}","templated":true}]}}