{"id":2266,"date":"2019-06-26T16:32:22","date_gmt":"2019-06-26T19:32:22","guid":{"rendered":"http:\/\/www.tribunanf.com.br\/blogdoralfereis\/?p=2266"},"modified":"2019-06-26T16:32:22","modified_gmt":"2019-06-26T19:32:22","slug":"bolsonaro-vai-liberar-r-23-milhoes-para-cada-deputado-federal","status":"publish","type":"post","link":"https:\/\/www.tribunanf.com.br\/blogdoralfereis\/2019\/06\/26\/bolsonaro-vai-liberar-r-23-milhoes-para-cada-deputado-federal\/","title":{"rendered":"Bolsonaro vai liberar R$ 23 milh\u00f5es para cada deputado federal"},"content":{"rendered":"<p><img loading=\"lazy\" decoding=\"async\" class=\"aligncenter size-full wp-image-2267\" src=\"http:\/\/www.tribunanf.com.br\/blogdoralfereis\/wp-content\/uploads\/sites\/11\/2019\/06\/bolsonaro.jpg\" alt=\"\" width=\"1920\" height=\"1297\" srcset=\"https:\/\/www.tribunanf.com.br\/blogdoralfereis\/wp-content\/uploads\/sites\/11\/2019\/06\/bolsonaro.jpg 1920w, https:\/\/www.tribunanf.com.br\/blogdoralfereis\/wp-content\/uploads\/sites\/11\/2019\/06\/bolsonaro-300x203.jpg 300w, https:\/\/www.tribunanf.com.br\/blogdoralfereis\/wp-content\/uploads\/sites\/11\/2019\/06\/bolsonaro-768x519.jpg 768w, https:\/\/www.tribunanf.com.br\/blogdoralfereis\/wp-content\/uploads\/sites\/11\/2019\/06\/bolsonaro-1024x692.jpg 1024w\" sizes=\"auto, (max-width: 1920px) 100vw, 1920px\" \/><\/p>\n<p style=\"text-align: justify;\">O l\u00edder do PSDB na C\u00e2mara,\u00a0<strong>Carlos Sampaio<\/strong>, avisou \u00e0 bancada ontem que o governo vai abrir a burra.<\/p>\n<p style=\"text-align: justify;\">Em n\u00fameros: cada deputado ter\u00e1 direito a direcionar R$ 23 milh\u00f5es da verba federal em a\u00e7\u00f5es para suas regi\u00f5es, sendo R$ 10 milh\u00f5es agora e o restante a partir do segundo semestre.<\/p>\n<p style=\"text-align: justify;\">Sampaio jurou que a generosidade bolsonarista n\u00e3o est\u00e1 relacionada ao voto das excel\u00eancias na reforma da Previd\u00eancia. Ningu\u00e9m acreditou, e alguns tiveram que conter a gargalhada.<\/p>\n<p style=\"text-align: justify;\">Fonte: Blog do Lauro Jardim, O Globo<\/p>\n","protected":false},"excerpt":{"rendered":"<p>O l\u00edder do PSDB na C\u00e2mara,\u00a0Carlos Sampaio, avisou \u00e0 bancada ontem que o governo vai abrir a burra. Em n\u00fameros:&#8230;<\/p>\n","protected":false},"author":2,"featured_media":2267,"comment_status":"open","ping_status":"open","sticky":false,"template":"","format":"standard","meta":{"colormag_page_container_layout":"default_layout","colormag_page_sidebar_layout":"default_layout","jetpack_post_was_ever_published":false,"_jetpack_newsletter_access":"","_jetpack_dont_email_post_to_subs":false,"_jetpack_newsletter_tier_id":0,"_jetpack_memberships_contains_paywalled_content":false,"_jetpack_memberships_contains_paid_content":false,"footnotes":""},"categories":[2],"tags":[],"class_list":["post-2266","post","type-post","status-publish","format-standard","has-post-thumbnail","hentry","category-politica"],"jetpack_featured_media_url":"https:\/\/www.tribunanf.com.br\/blogdoralfereis\/wp-content\/uploads\/sites\/11\/2019\/06\/bolsonaro.jpg","jetpack_sharing_enabled":true,"_links":{"self":[{"href":"https:\/\/www.tribunanf.com.br\/blogdoralfereis\/wp-json\/wp\/v2\/posts\/2266","targetHints":{"allow":["GET"]}}],"collection":[{"href":"https:\/\/www.tribunanf.com.br\/blogdoralfereis\/wp-json\/wp\/v2\/posts"}],"about":[{"href":"https:\/\/www.tribunanf.com.br\/blogdoralfereis\/wp-json\/wp\/v2\/types\/post"}],"author":[{"embeddable":true,"href":"https:\/\/www.tribunanf.com.br\/blogdoralfereis\/wp-json\/wp\/v2\/users\/2"}],"replies":[{"embeddable":true,"href":"https:\/\/www.tribunanf.com.br\/blogdoralfereis\/wp-json\/wp\/v2\/comments?post=2266"}],"version-history":[{"count":0,"href":"https:\/\/www.tribunanf.com.br\/blogdoralfereis\/wp-json\/wp\/v2\/posts\/2266\/revisions"}],"wp:featuredmedia":[{"embeddable":true,"href":"https:\/\/www.tribunanf.com.br\/blogdoralfereis\/wp-json\/wp\/v2\/media\/2267"}],"wp:attachment":[{"href":"https:\/\/www.tribunanf.com.br\/blogdoralfereis\/wp-json\/wp\/v2\/media?parent=2266"}],"wp:term":[{"taxonomy":"category","embeddable":true,"href":"https:\/\/www.tribunanf.com.br\/blogdoralfereis\/wp-json\/wp\/v2\/categories?post=2266"},{"taxonomy":"post_tag","embeddable":true,"href":"https:\/\/www.tribunanf.com.br\/blogdoralfereis\/wp-json\/wp\/v2\/tags?post=2266"}],"curies":[{"name":"wp","href":"https:\/\/api.w.org\/{rel}","templated":true}]}}