{"id":2263,"date":"2019-06-24T21:11:57","date_gmt":"2019-06-25T00:11:57","guid":{"rendered":"http:\/\/www.tribunanf.com.br\/blogdoralfereis\/?p=2263"},"modified":"2019-06-24T21:11:57","modified_gmt":"2019-06-25T00:11:57","slug":"paulo-henrique-amorim-e-afastado-do-domingo-espetacular","status":"publish","type":"post","link":"https:\/\/www.tribunanf.com.br\/blogdoralfereis\/2019\/06\/24\/paulo-henrique-amorim-e-afastado-do-domingo-espetacular\/","title":{"rendered":"Paulo Henrique Amorim \u00e9 afastado do &#8216;Domingo Espetacular&#8217;"},"content":{"rendered":"<p><img loading=\"lazy\" decoding=\"async\" class=\"aligncenter size-full wp-image-2264\" src=\"http:\/\/www.tribunanf.com.br\/blogdoralfereis\/wp-content\/uploads\/sites\/11\/2019\/06\/1_paulo_henrique_amorim-11721121.jpg\" alt=\"\" width=\"700\" height=\"470\" srcset=\"https:\/\/www.tribunanf.com.br\/blogdoralfereis\/wp-content\/uploads\/sites\/11\/2019\/06\/1_paulo_henrique_amorim-11721121.jpg 700w, https:\/\/www.tribunanf.com.br\/blogdoralfereis\/wp-content\/uploads\/sites\/11\/2019\/06\/1_paulo_henrique_amorim-11721121-300x201.jpg 300w\" sizes=\"auto, (max-width: 700px) 100vw, 700px\" \/><\/p>\n<p style=\"text-align: justify;\">S\u00e3o Paulo &#8211; Ap\u00f3s 14 anos ininterruptos, Paulo Henrique Amorim, jornalista da Record TV , deixar\u00e1 a bancada do &#8220;Domingo Espetacular&#8221;. A informa\u00e7\u00e3o foi confirmada pela assessoria da emissora, que afirmou que o apresentador ser\u00e1 substitu\u00eddo por Patr\u00edcia Costa e Eduardo Ribeiro.<\/p>\n<p style=\"text-align: justify;\">&#8220;Paulo Henrique Amorim deixa o programa e permanece na emissora \u00e0 disposi\u00e7\u00e3o para novos projetos&#8221;, completa o comunicado sobre o afastamento do jornalista da Record TV .<\/p>\n<p style=\"text-align: justify;\">As mudan\u00e7as fazem parte do processo de reformula\u00e7\u00e3o do jornalismo da emissora, que est\u00e1 sendo implementado pelo vice-presidente de jornalismo, Antonio Guerreiro, desde janeiro.<\/p>\n<p style=\"text-align: justify;\">Apesar de a sa\u00edda de Paulo Henrique Amorim do &#8221; Domingo Espetacular &#8221; ter sido relacionada a uma reestrutura\u00e7\u00e3o interna, h\u00e1 alguns meses rumores de que o jornalista estaria pr\u00f3ximo de ser demitido por fazer severas cr\u00edticas ao presidente Jair Bolsonaro e o Ministro da Justi\u00e7a, S\u00e9rgio Moro, ganharam musculatura nas redes sociais.<\/p>\n<p style=\"text-align: justify;\">Fonte: IG<\/p>\n","protected":false},"excerpt":{"rendered":"<p>S\u00e3o Paulo &#8211; Ap\u00f3s 14 anos ininterruptos, Paulo Henrique Amorim, jornalista da Record TV , deixar\u00e1 a bancada do &#8220;Domingo&#8230;<\/p>\n","protected":false},"author":2,"featured_media":2264,"comment_status":"open","ping_status":"open","sticky":false,"template":"","format":"standard","meta":{"colormag_page_container_layout":"default_layout","colormag_page_sidebar_layout":"default_layout","jetpack_post_was_ever_published":false,"_jetpack_newsletter_access":"","_jetpack_dont_email_post_to_subs":false,"_jetpack_newsletter_tier_id":0,"_jetpack_memberships_contains_paywalled_content":false,"_jetpack_memberships_contains_paid_content":false,"footnotes":""},"categories":[2],"tags":[],"class_list":["post-2263","post","type-post","status-publish","format-standard","has-post-thumbnail","hentry","category-politica"],"jetpack_featured_media_url":"https:\/\/www.tribunanf.com.br\/blogdoralfereis\/wp-content\/uploads\/sites\/11\/2019\/06\/1_paulo_henrique_amorim-11721121.jpg","jetpack_sharing_enabled":true,"_links":{"self":[{"href":"https:\/\/www.tribunanf.com.br\/blogdoralfereis\/wp-json\/wp\/v2\/posts\/2263","targetHints":{"allow":["GET"]}}],"collection":[{"href":"https:\/\/www.tribunanf.com.br\/blogdoralfereis\/wp-json\/wp\/v2\/posts"}],"about":[{"href":"https:\/\/www.tribunanf.com.br\/blogdoralfereis\/wp-json\/wp\/v2\/types\/post"}],"author":[{"embeddable":true,"href":"https:\/\/www.tribunanf.com.br\/blogdoralfereis\/wp-json\/wp\/v2\/users\/2"}],"replies":[{"embeddable":true,"href":"https:\/\/www.tribunanf.com.br\/blogdoralfereis\/wp-json\/wp\/v2\/comments?post=2263"}],"version-history":[{"count":0,"href":"https:\/\/www.tribunanf.com.br\/blogdoralfereis\/wp-json\/wp\/v2\/posts\/2263\/revisions"}],"wp:featuredmedia":[{"embeddable":true,"href":"https:\/\/www.tribunanf.com.br\/blogdoralfereis\/wp-json\/wp\/v2\/media\/2264"}],"wp:attachment":[{"href":"https:\/\/www.tribunanf.com.br\/blogdoralfereis\/wp-json\/wp\/v2\/media?parent=2263"}],"wp:term":[{"taxonomy":"category","embeddable":true,"href":"https:\/\/www.tribunanf.com.br\/blogdoralfereis\/wp-json\/wp\/v2\/categories?post=2263"},{"taxonomy":"post_tag","embeddable":true,"href":"https:\/\/www.tribunanf.com.br\/blogdoralfereis\/wp-json\/wp\/v2\/tags?post=2263"}],"curies":[{"name":"wp","href":"https:\/\/api.w.org\/{rel}","templated":true}]}}