{"id":2258,"date":"2019-06-24T09:31:42","date_gmt":"2019-06-24T12:31:42","guid":{"rendered":"http:\/\/www.tribunanf.com.br\/blogdoralfereis\/?p=2258"},"modified":"2019-06-24T09:31:42","modified_gmt":"2019-06-24T12:31:42","slug":"prefeitura-de-campos-convoca-aprovados-no-concurso-do-ccz-para-consulta-admissional","status":"publish","type":"post","link":"https:\/\/www.tribunanf.com.br\/blogdoralfereis\/2019\/06\/24\/prefeitura-de-campos-convoca-aprovados-no-concurso-do-ccz-para-consulta-admissional\/","title":{"rendered":"Prefeitura de Campos convoca aprovados no concurso do CCZ para consulta admissional"},"content":{"rendered":"<p><img loading=\"lazy\" decoding=\"async\" class=\"aligncenter size-full wp-image-638\" src=\"http:\/\/www.tribunanf.com.br\/blogdoralfereis\/wp-content\/uploads\/sites\/11\/2018\/08\/campos.jpg\" alt=\"\" width=\"735\" height=\"490\" srcset=\"https:\/\/www.tribunanf.com.br\/blogdoralfereis\/wp-content\/uploads\/sites\/11\/2018\/08\/campos.jpg 735w, https:\/\/www.tribunanf.com.br\/blogdoralfereis\/wp-content\/uploads\/sites\/11\/2018\/08\/campos-300x200.jpg 300w\" sizes=\"auto, (max-width: 735px) 100vw, 735px\" \/><\/p>\n<p style=\"text-align: justify;\">A Prefeitura de Campos dos Goytacazes publicou no Di\u00e1rio Oficial desta segunda-feira (24) a homologa\u00e7\u00e3o do resultado do curso de forma\u00e7\u00e3o inicial dos aprovados no concurso de Agente de Combate \u00e0s Endemias. A Prefeitura tamb\u00e9m publica a convoca\u00e7\u00e3o dos que lograram aptid\u00e3o no curso de forma\u00e7\u00e3o para a comparecerem \u00e0 secretaria de Gest\u00e3o, portando seu curriculum vitae atualizado e comprovado, para ci\u00eancia da consulta admissional.<\/p>\n<p style=\"text-align: justify;\">Confira o resultado e os hor\u00e1rios para comparecimento no link: <a href=\"https:\/\/www.campos.rj.gov.br\/arquivos\/DO\/Jun-2019\/DiarioOficialEletronicoEdicao-375.pdf\" target=\"_blank\" rel=\"noopener\">Di\u00e1rio Oficial<\/a><\/p>\n","protected":false},"excerpt":{"rendered":"<p>A Prefeitura de Campos dos Goytacazes publicou no Di\u00e1rio Oficial desta segunda-feira (24) a homologa\u00e7\u00e3o do resultado do curso de&#8230;<\/p>\n","protected":false},"author":2,"featured_media":638,"comment_status":"open","ping_status":"open","sticky":false,"template":"","format":"standard","meta":{"colormag_page_container_layout":"default_layout","colormag_page_sidebar_layout":"default_layout","jetpack_post_was_ever_published":false,"_jetpack_newsletter_access":"","_jetpack_dont_email_post_to_subs":false,"_jetpack_newsletter_tier_id":0,"_jetpack_memberships_contains_paywalled_content":false,"_jetpack_memberships_contains_paid_content":false,"footnotes":""},"categories":[2],"tags":[],"class_list":["post-2258","post","type-post","status-publish","format-standard","has-post-thumbnail","hentry","category-politica"],"jetpack_featured_media_url":"https:\/\/www.tribunanf.com.br\/blogdoralfereis\/wp-content\/uploads\/sites\/11\/2018\/08\/campos.jpg","jetpack_sharing_enabled":true,"_links":{"self":[{"href":"https:\/\/www.tribunanf.com.br\/blogdoralfereis\/wp-json\/wp\/v2\/posts\/2258","targetHints":{"allow":["GET"]}}],"collection":[{"href":"https:\/\/www.tribunanf.com.br\/blogdoralfereis\/wp-json\/wp\/v2\/posts"}],"about":[{"href":"https:\/\/www.tribunanf.com.br\/blogdoralfereis\/wp-json\/wp\/v2\/types\/post"}],"author":[{"embeddable":true,"href":"https:\/\/www.tribunanf.com.br\/blogdoralfereis\/wp-json\/wp\/v2\/users\/2"}],"replies":[{"embeddable":true,"href":"https:\/\/www.tribunanf.com.br\/blogdoralfereis\/wp-json\/wp\/v2\/comments?post=2258"}],"version-history":[{"count":0,"href":"https:\/\/www.tribunanf.com.br\/blogdoralfereis\/wp-json\/wp\/v2\/posts\/2258\/revisions"}],"wp:featuredmedia":[{"embeddable":true,"href":"https:\/\/www.tribunanf.com.br\/blogdoralfereis\/wp-json\/wp\/v2\/media\/638"}],"wp:attachment":[{"href":"https:\/\/www.tribunanf.com.br\/blogdoralfereis\/wp-json\/wp\/v2\/media?parent=2258"}],"wp:term":[{"taxonomy":"category","embeddable":true,"href":"https:\/\/www.tribunanf.com.br\/blogdoralfereis\/wp-json\/wp\/v2\/categories?post=2258"},{"taxonomy":"post_tag","embeddable":true,"href":"https:\/\/www.tribunanf.com.br\/blogdoralfereis\/wp-json\/wp\/v2\/tags?post=2258"}],"curies":[{"name":"wp","href":"https:\/\/api.w.org\/{rel}","templated":true}]}}