{"id":2246,"date":"2019-06-21T11:24:02","date_gmt":"2019-06-21T14:24:02","guid":{"rendered":"http:\/\/www.tribunanf.com.br\/blogdoralfereis\/?p=2246"},"modified":"2019-06-21T11:25:36","modified_gmt":"2019-06-21T14:25:36","slug":"disputa-pela-indicacao-do-proximo-ministro-do-tse-racha-stf","status":"publish","type":"post","link":"https:\/\/www.tribunanf.com.br\/blogdoralfereis\/2019\/06\/21\/disputa-pela-indicacao-do-proximo-ministro-do-tse-racha-stf\/","title":{"rendered":"Disputa pela indica\u00e7\u00e3o do pr\u00f3ximo ministro do TSE racha STF"},"content":{"rendered":"<p><img loading=\"lazy\" decoding=\"async\" class=\"aligncenter size-full wp-image-242\" src=\"http:\/\/www.tribunanf.com.br\/blogdoralfereis\/wp-content\/uploads\/sites\/11\/2018\/06\/tse.jpeg\" alt=\"\" width=\"543\" height=\"263\" srcset=\"https:\/\/www.tribunanf.com.br\/blogdoralfereis\/wp-content\/uploads\/sites\/11\/2018\/06\/tse.jpeg 543w, https:\/\/www.tribunanf.com.br\/blogdoralfereis\/wp-content\/uploads\/sites\/11\/2018\/06\/tse-300x145.jpeg 300w\" sizes=\"auto, (max-width: 543px) 100vw, 543px\" \/><\/p>\n<p style=\"text-align: justify;\">A disputa pela indica\u00e7\u00e3o do pr\u00f3ximo ministro do TSE (Tribunal Superior Eleitoral) est\u00e1 dividindo o STF (Supremo Tribunal Federal), que elabora a lista tr\u00edplice de candidatos que ser\u00e1 enviada a Jair Bolsonaro. O presidente tem a palavra final na escolha.<\/p>\n<p style=\"text-align: justify;\">PEIXE<\/p>\n<p style=\"text-align: justify;\">Um dos candidatos \u00e9 Carlos M\u00e1rio Velloso Filho \u2014o pai dele, Carlos Velloso, j\u00e1 foi ministro do STF.<\/p>\n<p style=\"text-align: justify;\">PEIXE 2<\/p>\n<p style=\"text-align: justify;\">Ministros da corte, no entanto, consideram a candidatura impr\u00f3pria justamente por manter a pr\u00e1tica de indica\u00e7\u00e3o de filhos de magistrados, ou ex, para cargos no Judici\u00e1rio. Um dos integrantes do STF disse \u00e0 coluna que \u00e9 chegada a hora de adotar a \u201cnova pol\u00edtica\u201d tamb\u00e9m nos tribunais.<\/p>\n<p style=\"text-align: justify;\">ANZOL<\/p>\n<p style=\"text-align: justify;\">O fato de Velloso defender de forma enf\u00e1tica\u00a0o ministro Sergio Moro, da Justi\u00e7a,\u00a0no esc\u00e2ndalo das mensagens\u00a0tamb\u00e9m desagradou alguns magistrados, que enxergam nisso uma tentativa de conquistar a simpatia do presidente Jair Bolsonaro.<\/p>\n<p style=\"text-align: justify;\">DOCE LAR<\/p>\n<p style=\"text-align: justify;\">Um outro candidato \u00e9 Mar\u00e7al Justen Filho, do Paran\u00e1. Ele tem o apoio de Edson Fachin, do mesmo estado.<\/p>\n<p style=\"text-align: justify;\">ELES &amp; ELAS<\/p>\n<p style=\"text-align: justify;\">J\u00e1 Fabricio Mendes Medeiros tem apoio de lideran\u00e7as do Congresso. E a advogada Daniela Teixeira corre por fora, com a simpatia de magistradas mulheres.<\/p>\n<p style=\"text-align: justify;\">Fonte: Coluna M\u00f4nica Bergamo, Folha de S\u00e3o Paulo<\/p>\n","protected":false},"excerpt":{"rendered":"<p>A disputa pela indica\u00e7\u00e3o do pr\u00f3ximo ministro do TSE (Tribunal Superior Eleitoral) est\u00e1 dividindo o STF (Supremo Tribunal Federal), que&#8230;<\/p>\n","protected":false},"author":2,"featured_media":242,"comment_status":"open","ping_status":"open","sticky":false,"template":"","format":"standard","meta":{"colormag_page_container_layout":"default_layout","colormag_page_sidebar_layout":"default_layout","jetpack_post_was_ever_published":false,"_jetpack_newsletter_access":"","_jetpack_dont_email_post_to_subs":false,"_jetpack_newsletter_tier_id":0,"_jetpack_memberships_contains_paywalled_content":false,"_jetpack_memberships_contains_paid_content":false,"footnotes":""},"categories":[2],"tags":[],"class_list":["post-2246","post","type-post","status-publish","format-standard","has-post-thumbnail","hentry","category-politica"],"jetpack_featured_media_url":"https:\/\/www.tribunanf.com.br\/blogdoralfereis\/wp-content\/uploads\/sites\/11\/2018\/06\/tse.jpeg","jetpack_sharing_enabled":true,"_links":{"self":[{"href":"https:\/\/www.tribunanf.com.br\/blogdoralfereis\/wp-json\/wp\/v2\/posts\/2246","targetHints":{"allow":["GET"]}}],"collection":[{"href":"https:\/\/www.tribunanf.com.br\/blogdoralfereis\/wp-json\/wp\/v2\/posts"}],"about":[{"href":"https:\/\/www.tribunanf.com.br\/blogdoralfereis\/wp-json\/wp\/v2\/types\/post"}],"author":[{"embeddable":true,"href":"https:\/\/www.tribunanf.com.br\/blogdoralfereis\/wp-json\/wp\/v2\/users\/2"}],"replies":[{"embeddable":true,"href":"https:\/\/www.tribunanf.com.br\/blogdoralfereis\/wp-json\/wp\/v2\/comments?post=2246"}],"version-history":[{"count":0,"href":"https:\/\/www.tribunanf.com.br\/blogdoralfereis\/wp-json\/wp\/v2\/posts\/2246\/revisions"}],"wp:featuredmedia":[{"embeddable":true,"href":"https:\/\/www.tribunanf.com.br\/blogdoralfereis\/wp-json\/wp\/v2\/media\/242"}],"wp:attachment":[{"href":"https:\/\/www.tribunanf.com.br\/blogdoralfereis\/wp-json\/wp\/v2\/media?parent=2246"}],"wp:term":[{"taxonomy":"category","embeddable":true,"href":"https:\/\/www.tribunanf.com.br\/blogdoralfereis\/wp-json\/wp\/v2\/categories?post=2246"},{"taxonomy":"post_tag","embeddable":true,"href":"https:\/\/www.tribunanf.com.br\/blogdoralfereis\/wp-json\/wp\/v2\/tags?post=2246"}],"curies":[{"name":"wp","href":"https:\/\/api.w.org\/{rel}","templated":true}]}}