{"id":2197,"date":"2019-06-08T18:51:13","date_gmt":"2019-06-08T21:51:13","guid":{"rendered":"http:\/\/www.tribunanf.com.br\/blogdoralfereis\/?p=2197"},"modified":"2019-06-08T18:51:13","modified_gmt":"2019-06-08T21:51:13","slug":"hacker-invadiu-celular-de-relator-da-lava-jato-do-rio-e-de-juiz-federal","status":"publish","type":"post","link":"https:\/\/www.tribunanf.com.br\/blogdoralfereis\/2019\/06\/08\/hacker-invadiu-celular-de-relator-da-lava-jato-do-rio-e-de-juiz-federal\/","title":{"rendered":"Hacker invadiu celular de relator da Lava Jato do Rio e de juiz federal"},"content":{"rendered":"<p><img loading=\"lazy\" decoding=\"async\" class=\"aligncenter size-full wp-image-2198\" src=\"http:\/\/www.tribunanf.com.br\/blogdoralfereis\/wp-content\/uploads\/sites\/11\/2019\/06\/trf.jpg\" alt=\"\" width=\"730\" height=\"340\" srcset=\"https:\/\/www.tribunanf.com.br\/blogdoralfereis\/wp-content\/uploads\/sites\/11\/2019\/06\/trf.jpg 730w, https:\/\/www.tribunanf.com.br\/blogdoralfereis\/wp-content\/uploads\/sites\/11\/2019\/06\/trf-300x140.jpg 300w\" sizes=\"auto, (max-width: 730px) 100vw, 730px\" \/><\/p>\n<p style=\"text-align: justify;\">O desembargador Abel Gomes, relator da Lava Jato no TRF-2, tamb\u00e9m sofreu uma tentativa de invas\u00e3o de seu celular e acesso ao aplicativo de comunica\u00e7\u00e3o Telegram.<\/p>\n<p style=\"text-align: justify;\">O epis\u00f3dio ocorreu na noite de quarta-feira 5, um dia depois de Sergio Moro sofrer o mesmo tipo de ataque.<\/p>\n<p style=\"text-align: justify;\">Al\u00e9m de Abel, tamb\u00e9m foi alvo o juiz federal Fl\u00e1vio Oliveira Lucas, que substituiu o desembargador nas f\u00e9rias \u2013 mas j\u00e1 n\u00e3o atua em vara criminal.<\/p>\n<p style=\"text-align: justify;\">Al\u00e9m da Lava Jato, os dois t\u00eam em comum o relacionamento profissional com Moro, com quem mant\u00eam contatos espor\u00e1dicos para fins acad\u00eamicos \u2013 tendo, inclusive, publicado obra conjunta.<\/p>\n<p style=\"text-align: justify;\">Diante do ocorrido, Abel enviou of\u00edcio \u00e0 Pol\u00edcia Federal solicitando a abertura imediata de inqu\u00e9rito. O desembargador constatou que os ataques partiram de um celular iPhone XS Max.<\/p>\n<p style=\"text-align: justify;\">\u201cAcredito que haja interliga\u00e7\u00e3o entre as tr\u00eas invas\u00f5es de privacidade via aplicativo Telegram, restando apenas esclarecer o grau de comprometimento desta invas\u00e3o em meu telefone m\u00f3vel, sistemas eletr\u00f4nicos, e na minha vida privada e funcional.\u201d<\/p>\n<p style=\"text-align: justify;\">Nos \u00faltimos dois meses foram alvos de ataques semelhantes procuradores, delegados e jornalistas, al\u00e9m de ativistas e influenciadores de direita.<\/p>\n<p style=\"text-align: justify;\">Fonte: O Antagonista<\/p>\n","protected":false},"excerpt":{"rendered":"<p>O desembargador Abel Gomes, relator da Lava Jato no TRF-2, tamb\u00e9m sofreu uma tentativa de invas\u00e3o de seu celular e&#8230;<\/p>\n","protected":false},"author":2,"featured_media":2198,"comment_status":"open","ping_status":"open","sticky":false,"template":"","format":"standard","meta":{"colormag_page_container_layout":"default_layout","colormag_page_sidebar_layout":"default_layout","jetpack_post_was_ever_published":false,"_jetpack_newsletter_access":"","_jetpack_dont_email_post_to_subs":false,"_jetpack_newsletter_tier_id":0,"_jetpack_memberships_contains_paywalled_content":false,"_jetpack_memberships_contains_paid_content":false,"footnotes":""},"categories":[45],"tags":[],"class_list":["post-2197","post","type-post","status-publish","format-standard","has-post-thumbnail","hentry","category-variedade"],"jetpack_featured_media_url":"https:\/\/www.tribunanf.com.br\/blogdoralfereis\/wp-content\/uploads\/sites\/11\/2019\/06\/trf.jpg","jetpack_sharing_enabled":true,"_links":{"self":[{"href":"https:\/\/www.tribunanf.com.br\/blogdoralfereis\/wp-json\/wp\/v2\/posts\/2197","targetHints":{"allow":["GET"]}}],"collection":[{"href":"https:\/\/www.tribunanf.com.br\/blogdoralfereis\/wp-json\/wp\/v2\/posts"}],"about":[{"href":"https:\/\/www.tribunanf.com.br\/blogdoralfereis\/wp-json\/wp\/v2\/types\/post"}],"author":[{"embeddable":true,"href":"https:\/\/www.tribunanf.com.br\/blogdoralfereis\/wp-json\/wp\/v2\/users\/2"}],"replies":[{"embeddable":true,"href":"https:\/\/www.tribunanf.com.br\/blogdoralfereis\/wp-json\/wp\/v2\/comments?post=2197"}],"version-history":[{"count":0,"href":"https:\/\/www.tribunanf.com.br\/blogdoralfereis\/wp-json\/wp\/v2\/posts\/2197\/revisions"}],"wp:featuredmedia":[{"embeddable":true,"href":"https:\/\/www.tribunanf.com.br\/blogdoralfereis\/wp-json\/wp\/v2\/media\/2198"}],"wp:attachment":[{"href":"https:\/\/www.tribunanf.com.br\/blogdoralfereis\/wp-json\/wp\/v2\/media?parent=2197"}],"wp:term":[{"taxonomy":"category","embeddable":true,"href":"https:\/\/www.tribunanf.com.br\/blogdoralfereis\/wp-json\/wp\/v2\/categories?post=2197"},{"taxonomy":"post_tag","embeddable":true,"href":"https:\/\/www.tribunanf.com.br\/blogdoralfereis\/wp-json\/wp\/v2\/tags?post=2197"}],"curies":[{"name":"wp","href":"https:\/\/api.w.org\/{rel}","templated":true}]}}