{"id":2136,"date":"2019-05-30T18:25:24","date_gmt":"2019-05-30T21:25:24","guid":{"rendered":"http:\/\/www.tribunanf.com.br\/blogdoralfereis\/?p=2136"},"modified":"2019-05-30T18:25:24","modified_gmt":"2019-05-30T21:25:24","slug":"fred-machado-esta-atento","status":"publish","type":"post","link":"https:\/\/www.tribunanf.com.br\/blogdoralfereis\/2019\/05\/30\/fred-machado-esta-atento\/","title":{"rendered":"Fred Machado est\u00e1 atento"},"content":{"rendered":"<p><img loading=\"lazy\" decoding=\"async\" class=\"aligncenter size-full wp-image-2035\" src=\"http:\/\/www.tribunanf.com.br\/blogdoralfereis\/wp-content\/uploads\/sites\/11\/2019\/05\/fred.jpg\" alt=\"\" width=\"540\" height=\"360\" srcset=\"https:\/\/www.tribunanf.com.br\/blogdoralfereis\/wp-content\/uploads\/sites\/11\/2019\/05\/fred.jpg 540w, https:\/\/www.tribunanf.com.br\/blogdoralfereis\/wp-content\/uploads\/sites\/11\/2019\/05\/fred-300x200.jpg 300w\" sizes=\"auto, (max-width: 540px) 100vw, 540px\" \/><\/p>\n<p style=\"text-align: justify;\">Na manh\u00e3 de hoje o blog cobrou ao presidente da C\u00e2mara Fred Machado o retorno da transmiss\u00e3o da TV C\u00e2mara na internet.<\/p>\n<p style=\"text-align: justify;\">Ap\u00f3s a cobran\u00e7a, a TV C\u00e2mara voltou ao ar.<\/p>\n<p style=\"text-align: justify;\">Pena que o povo n\u00e3o pode assistir o barraco das \u00faltimas sess\u00f5es e a Audi\u00eancia P\u00fablica da Sa\u00fade nesta quinta.<\/p>\n<p style=\"text-align: justify;\">\u00c9 bem verdade que Fred tem se esfor\u00e7ado em manter a transpar\u00eancia na C\u00e2mara ap\u00f3s um TAC.<\/p>\n<p style=\"text-align: justify;\">Mas o blog espera que a retirada estrat\u00e9gica da TV n\u00e3o se repita.<\/p>\n","protected":false},"excerpt":{"rendered":"<p>Na manh\u00e3 de hoje o blog cobrou ao presidente da C\u00e2mara Fred Machado o retorno da transmiss\u00e3o da TV C\u00e2mara&#8230;<\/p>\n","protected":false},"author":2,"featured_media":2035,"comment_status":"open","ping_status":"open","sticky":false,"template":"","format":"standard","meta":{"colormag_page_container_layout":"default_layout","colormag_page_sidebar_layout":"default_layout","jetpack_post_was_ever_published":false,"_jetpack_newsletter_access":"","_jetpack_dont_email_post_to_subs":false,"_jetpack_newsletter_tier_id":0,"_jetpack_memberships_contains_paywalled_content":false,"_jetpack_memberships_contains_paid_content":false,"footnotes":""},"categories":[2],"tags":[],"class_list":["post-2136","post","type-post","status-publish","format-standard","has-post-thumbnail","hentry","category-politica"],"jetpack_featured_media_url":"https:\/\/www.tribunanf.com.br\/blogdoralfereis\/wp-content\/uploads\/sites\/11\/2019\/05\/fred.jpg","jetpack_sharing_enabled":true,"_links":{"self":[{"href":"https:\/\/www.tribunanf.com.br\/blogdoralfereis\/wp-json\/wp\/v2\/posts\/2136","targetHints":{"allow":["GET"]}}],"collection":[{"href":"https:\/\/www.tribunanf.com.br\/blogdoralfereis\/wp-json\/wp\/v2\/posts"}],"about":[{"href":"https:\/\/www.tribunanf.com.br\/blogdoralfereis\/wp-json\/wp\/v2\/types\/post"}],"author":[{"embeddable":true,"href":"https:\/\/www.tribunanf.com.br\/blogdoralfereis\/wp-json\/wp\/v2\/users\/2"}],"replies":[{"embeddable":true,"href":"https:\/\/www.tribunanf.com.br\/blogdoralfereis\/wp-json\/wp\/v2\/comments?post=2136"}],"version-history":[{"count":0,"href":"https:\/\/www.tribunanf.com.br\/blogdoralfereis\/wp-json\/wp\/v2\/posts\/2136\/revisions"}],"wp:featuredmedia":[{"embeddable":true,"href":"https:\/\/www.tribunanf.com.br\/blogdoralfereis\/wp-json\/wp\/v2\/media\/2035"}],"wp:attachment":[{"href":"https:\/\/www.tribunanf.com.br\/blogdoralfereis\/wp-json\/wp\/v2\/media?parent=2136"}],"wp:term":[{"taxonomy":"category","embeddable":true,"href":"https:\/\/www.tribunanf.com.br\/blogdoralfereis\/wp-json\/wp\/v2\/categories?post=2136"},{"taxonomy":"post_tag","embeddable":true,"href":"https:\/\/www.tribunanf.com.br\/blogdoralfereis\/wp-json\/wp\/v2\/tags?post=2136"}],"curies":[{"name":"wp","href":"https:\/\/api.w.org\/{rel}","templated":true}]}}