{"id":2126,"date":"2019-05-30T10:36:34","date_gmt":"2019-05-30T13:36:34","guid":{"rendered":"http:\/\/www.tribunanf.com.br\/blogdoralfereis\/?p=2126"},"modified":"2019-05-30T13:07:15","modified_gmt":"2019-05-30T16:07:15","slug":"tv-camara-campos-fora-do-ar-na-internet","status":"publish","type":"post","link":"https:\/\/www.tribunanf.com.br\/blogdoralfereis\/2019\/05\/30\/tv-camara-campos-fora-do-ar-na-internet\/","title":{"rendered":"TV C\u00e2mara Campos fora do ar na internet"},"content":{"rendered":"<p><img loading=\"lazy\" decoding=\"async\" class=\"aligncenter size-full wp-image-1943\" src=\"http:\/\/www.tribunanf.com.br\/blogdoralfereis\/wp-content\/uploads\/sites\/11\/2019\/05\/fred-machado.jpg\" alt=\"\" width=\"540\" height=\"360\" srcset=\"https:\/\/www.tribunanf.com.br\/blogdoralfereis\/wp-content\/uploads\/sites\/11\/2019\/05\/fred-machado.jpg 540w, https:\/\/www.tribunanf.com.br\/blogdoralfereis\/wp-content\/uploads\/sites\/11\/2019\/05\/fred-machado-300x200.jpg 300w\" sizes=\"auto, (max-width: 540px) 100vw, 540px\" \/><\/p>\n<p style=\"text-align: justify;\">A TV C\u00e2mara Campos n\u00e3o est\u00e1 funcionando no portal do legislativo. Pelo elevado valor pago pela transmiss\u00e3o isso n\u00e3o deveria ocorrer.<\/p>\n<p style=\"text-align: justify;\">N\u00e3o se sabe se \u00e9 uma falha t\u00e9cnica ou se o presidente manda tirar do ar toda vez que \u00e0 C\u00e2mara est\u00e1 repleta de mun\u00edcipes.<\/p>\n<p style=\"text-align: justify;\">Ao presidente, favor mandar colocar no ar.<\/p>\n<p>Voltou<\/p>\n<p>Ap\u00f3s cobran\u00e7a feita pelo blog, a TV C\u00e2mara voltou ao ar. Pena que a popula\u00e7\u00e3o conseguiu ver as \u00faltimas sess\u00f5es.<\/p>\n<p>http:\/\/www.camaracampos.rj.gov.br\/tvcamara\/transmissao-ao-vivo<\/p>\n","protected":false},"excerpt":{"rendered":"<p>A TV C\u00e2mara Campos n\u00e3o est\u00e1 funcionando no portal do legislativo. Pelo elevado valor pago pela transmiss\u00e3o isso n\u00e3o deveria&#8230;<\/p>\n","protected":false},"author":2,"featured_media":1943,"comment_status":"open","ping_status":"open","sticky":false,"template":"","format":"standard","meta":{"colormag_page_container_layout":"default_layout","colormag_page_sidebar_layout":"default_layout","jetpack_post_was_ever_published":false,"_jetpack_newsletter_access":"","_jetpack_dont_email_post_to_subs":false,"_jetpack_newsletter_tier_id":0,"_jetpack_memberships_contains_paywalled_content":false,"_jetpack_memberships_contains_paid_content":false,"footnotes":""},"categories":[2],"tags":[],"class_list":["post-2126","post","type-post","status-publish","format-standard","has-post-thumbnail","hentry","category-politica"],"jetpack_featured_media_url":"https:\/\/www.tribunanf.com.br\/blogdoralfereis\/wp-content\/uploads\/sites\/11\/2019\/05\/fred-machado.jpg","jetpack_sharing_enabled":true,"_links":{"self":[{"href":"https:\/\/www.tribunanf.com.br\/blogdoralfereis\/wp-json\/wp\/v2\/posts\/2126","targetHints":{"allow":["GET"]}}],"collection":[{"href":"https:\/\/www.tribunanf.com.br\/blogdoralfereis\/wp-json\/wp\/v2\/posts"}],"about":[{"href":"https:\/\/www.tribunanf.com.br\/blogdoralfereis\/wp-json\/wp\/v2\/types\/post"}],"author":[{"embeddable":true,"href":"https:\/\/www.tribunanf.com.br\/blogdoralfereis\/wp-json\/wp\/v2\/users\/2"}],"replies":[{"embeddable":true,"href":"https:\/\/www.tribunanf.com.br\/blogdoralfereis\/wp-json\/wp\/v2\/comments?post=2126"}],"version-history":[{"count":0,"href":"https:\/\/www.tribunanf.com.br\/blogdoralfereis\/wp-json\/wp\/v2\/posts\/2126\/revisions"}],"wp:featuredmedia":[{"embeddable":true,"href":"https:\/\/www.tribunanf.com.br\/blogdoralfereis\/wp-json\/wp\/v2\/media\/1943"}],"wp:attachment":[{"href":"https:\/\/www.tribunanf.com.br\/blogdoralfereis\/wp-json\/wp\/v2\/media?parent=2126"}],"wp:term":[{"taxonomy":"category","embeddable":true,"href":"https:\/\/www.tribunanf.com.br\/blogdoralfereis\/wp-json\/wp\/v2\/categories?post=2126"},{"taxonomy":"post_tag","embeddable":true,"href":"https:\/\/www.tribunanf.com.br\/blogdoralfereis\/wp-json\/wp\/v2\/tags?post=2126"}],"curies":[{"name":"wp","href":"https:\/\/api.w.org\/{rel}","templated":true}]}}