{"id":2124,"date":"2019-05-30T10:14:41","date_gmt":"2019-05-30T13:14:41","guid":{"rendered":"http:\/\/www.tribunanf.com.br\/blogdoralfereis\/?p=2124"},"modified":"2019-05-30T10:14:41","modified_gmt":"2019-05-30T13:14:41","slug":"paes-quer-distancia-de-bretas","status":"publish","type":"post","link":"https:\/\/www.tribunanf.com.br\/blogdoralfereis\/2019\/05\/30\/paes-quer-distancia-de-bretas\/","title":{"rendered":"Paes quer dist\u00e2ncia de Bretas"},"content":{"rendered":"<p><img loading=\"lazy\" decoding=\"async\" class=\"aligncenter size-full wp-image-262\" src=\"http:\/\/www.tribunanf.com.br\/blogdoralfereis\/wp-content\/uploads\/sites\/11\/2018\/06\/paes-picciani.jpg\" alt=\"\" width=\"699\" height=\"420\" srcset=\"https:\/\/www.tribunanf.com.br\/blogdoralfereis\/wp-content\/uploads\/sites\/11\/2018\/06\/paes-picciani.jpg 699w, https:\/\/www.tribunanf.com.br\/blogdoralfereis\/wp-content\/uploads\/sites\/11\/2018\/06\/paes-picciani-300x180.jpg 300w\" sizes=\"auto, (max-width: 699px) 100vw, 699px\" \/><\/p>\n<p style=\"text-align: justify;\">Eduardo Paes pediu ao Supremo para enviar para a Justi\u00e7a Eleitoral um cap\u00edtulo da dela\u00e7\u00e3o da OAS que relata o repasse de R$ 25 milh\u00f5es para sua campanha eleitoral de 2012.<\/p>\n<p style=\"text-align: justify;\">No pedido, enviado para Edson Fachin, que homologou o acordo, a defesa frisa que o caso n\u00e3o deve parar nas m\u00e3os de Marcelo Bretas, da 7\u00aa Vara Federal, que conduz a Lava Jato no Rio.<\/p>\n<p style=\"text-align: justify;\">\u201cEsse \u00f3rg\u00e3o tem sido instado a exercer jurisdi\u00e7\u00e3o penal, por preven\u00e7\u00e3o, em casos que envolvem a suposta organiza\u00e7\u00e3o criminosa liderada pelo ex-governador S\u00e9rgio Cabral, mas os fatos noticiados no caso vertente passam ao largo desse tema\u201d, diz o pedido.<\/p>\n<p style=\"text-align: justify;\">Em depoimentos, o ex-governador diz que n\u00e3o pedia favores para o ex-prefeito, nem recebia pedidos dele. \u201cEu ajudei foi no caixa 2\u201d, disse Cabral, em refer\u00eancia \u00e0 elei\u00e7\u00e3o de 2008.<\/p>\n<p style=\"text-align: justify;\">Fonte: O Antagonista<\/p>\n","protected":false},"excerpt":{"rendered":"<p>Eduardo Paes pediu ao Supremo para enviar para a Justi\u00e7a Eleitoral um cap\u00edtulo da dela\u00e7\u00e3o da OAS que relata o&#8230;<\/p>\n","protected":false},"author":2,"featured_media":262,"comment_status":"open","ping_status":"open","sticky":false,"template":"","format":"standard","meta":{"colormag_page_container_layout":"default_layout","colormag_page_sidebar_layout":"default_layout","jetpack_post_was_ever_published":false,"_jetpack_newsletter_access":"","_jetpack_dont_email_post_to_subs":false,"_jetpack_newsletter_tier_id":0,"_jetpack_memberships_contains_paywalled_content":false,"_jetpack_memberships_contains_paid_content":false,"footnotes":""},"categories":[2],"tags":[],"class_list":["post-2124","post","type-post","status-publish","format-standard","has-post-thumbnail","hentry","category-politica"],"jetpack_featured_media_url":"https:\/\/www.tribunanf.com.br\/blogdoralfereis\/wp-content\/uploads\/sites\/11\/2018\/06\/paes-picciani.jpg","jetpack_sharing_enabled":true,"_links":{"self":[{"href":"https:\/\/www.tribunanf.com.br\/blogdoralfereis\/wp-json\/wp\/v2\/posts\/2124","targetHints":{"allow":["GET"]}}],"collection":[{"href":"https:\/\/www.tribunanf.com.br\/blogdoralfereis\/wp-json\/wp\/v2\/posts"}],"about":[{"href":"https:\/\/www.tribunanf.com.br\/blogdoralfereis\/wp-json\/wp\/v2\/types\/post"}],"author":[{"embeddable":true,"href":"https:\/\/www.tribunanf.com.br\/blogdoralfereis\/wp-json\/wp\/v2\/users\/2"}],"replies":[{"embeddable":true,"href":"https:\/\/www.tribunanf.com.br\/blogdoralfereis\/wp-json\/wp\/v2\/comments?post=2124"}],"version-history":[{"count":0,"href":"https:\/\/www.tribunanf.com.br\/blogdoralfereis\/wp-json\/wp\/v2\/posts\/2124\/revisions"}],"wp:featuredmedia":[{"embeddable":true,"href":"https:\/\/www.tribunanf.com.br\/blogdoralfereis\/wp-json\/wp\/v2\/media\/262"}],"wp:attachment":[{"href":"https:\/\/www.tribunanf.com.br\/blogdoralfereis\/wp-json\/wp\/v2\/media?parent=2124"}],"wp:term":[{"taxonomy":"category","embeddable":true,"href":"https:\/\/www.tribunanf.com.br\/blogdoralfereis\/wp-json\/wp\/v2\/categories?post=2124"},{"taxonomy":"post_tag","embeddable":true,"href":"https:\/\/www.tribunanf.com.br\/blogdoralfereis\/wp-json\/wp\/v2\/tags?post=2124"}],"curies":[{"name":"wp","href":"https:\/\/api.w.org\/{rel}","templated":true}]}}