{"id":2107,"date":"2019-05-27T13:06:36","date_gmt":"2019-05-27T16:06:36","guid":{"rendered":"http:\/\/www.tribunanf.com.br\/blogdoralfereis\/?p=2107"},"modified":"2019-05-27T13:07:04","modified_gmt":"2019-05-27T16:07:04","slug":"prefeitura-de-campos-convoca-aprovados-no-concurso-do-ccz","status":"publish","type":"post","link":"https:\/\/www.tribunanf.com.br\/blogdoralfereis\/2019\/05\/27\/prefeitura-de-campos-convoca-aprovados-no-concurso-do-ccz\/","title":{"rendered":"Prefeitura de Campos convoca aprovados no concurso do CCZ"},"content":{"rendered":"<p><img loading=\"lazy\" decoding=\"async\" class=\"aligncenter size-full wp-image-638\" src=\"http:\/\/www.tribunanf.com.br\/blogdoralfereis\/wp-content\/uploads\/sites\/11\/2018\/08\/campos.jpg\" alt=\"\" width=\"735\" height=\"490\" srcset=\"https:\/\/www.tribunanf.com.br\/blogdoralfereis\/wp-content\/uploads\/sites\/11\/2018\/08\/campos.jpg 735w, https:\/\/www.tribunanf.com.br\/blogdoralfereis\/wp-content\/uploads\/sites\/11\/2018\/08\/campos-300x200.jpg 300w\" sizes=\"auto, (max-width: 735px) 100vw, 735px\" \/><\/p>\n<p style=\"text-align: justify;\">A prefeitura de Campos dos Goytacazes publicou no Di\u00e1rio Oficial desta segunda-feira (27) a convoca\u00e7\u00e3o de noventa e nove aprovados no concurso p\u00fablico de Agente de Combate \u00e0s Endemias.<\/p>\n<p style=\"text-align: justify;\">Os aprovados devem comparecer na Universidade Salgado de Oliveira &#8211; UNIVERSO, situada na Avenida Vinte e Oito de Mar\u00e7o, n\u00b0 856, Parque Dom Bosco, no per\u00edodo de 03 a 07 de junho de 2019, das 8h \u00e0s 17h, para participa\u00e7\u00e3o do curso de forma\u00e7\u00e3o inicial, conforme previsto no item 12, do Edital do Concurso P\u00fablico CCZ n\u00ba 01\/2018.<\/p>\n<p>Confira aqui: <a href=\"https:\/\/www.campos.rj.gov.br\/arquivos\/DO\/Mai-2019\/DiarioOficialEletronicoEdicao-357.pdf\" target=\"_blank\" rel=\"noopener\">Di\u00e1rio Oficial<\/a><\/p>\n<p>&nbsp;<\/p>\n","protected":false},"excerpt":{"rendered":"<p>A prefeitura de Campos dos Goytacazes publicou no Di\u00e1rio Oficial desta segunda-feira (27) a convoca\u00e7\u00e3o de noventa e nove aprovados&#8230;<\/p>\n","protected":false},"author":2,"featured_media":638,"comment_status":"open","ping_status":"open","sticky":false,"template":"","format":"standard","meta":{"colormag_page_container_layout":"default_layout","colormag_page_sidebar_layout":"default_layout","jetpack_post_was_ever_published":false,"_jetpack_newsletter_access":"","_jetpack_dont_email_post_to_subs":false,"_jetpack_newsletter_tier_id":0,"_jetpack_memberships_contains_paywalled_content":false,"_jetpack_memberships_contains_paid_content":false,"footnotes":""},"categories":[2],"tags":[6,40],"class_list":["post-2107","post","type-post","status-publish","format-standard","has-post-thumbnail","hentry","category-politica","tag-campos-dos-goytacazes","tag-concurso-publico"],"jetpack_featured_media_url":"https:\/\/www.tribunanf.com.br\/blogdoralfereis\/wp-content\/uploads\/sites\/11\/2018\/08\/campos.jpg","jetpack_sharing_enabled":true,"_links":{"self":[{"href":"https:\/\/www.tribunanf.com.br\/blogdoralfereis\/wp-json\/wp\/v2\/posts\/2107","targetHints":{"allow":["GET"]}}],"collection":[{"href":"https:\/\/www.tribunanf.com.br\/blogdoralfereis\/wp-json\/wp\/v2\/posts"}],"about":[{"href":"https:\/\/www.tribunanf.com.br\/blogdoralfereis\/wp-json\/wp\/v2\/types\/post"}],"author":[{"embeddable":true,"href":"https:\/\/www.tribunanf.com.br\/blogdoralfereis\/wp-json\/wp\/v2\/users\/2"}],"replies":[{"embeddable":true,"href":"https:\/\/www.tribunanf.com.br\/blogdoralfereis\/wp-json\/wp\/v2\/comments?post=2107"}],"version-history":[{"count":0,"href":"https:\/\/www.tribunanf.com.br\/blogdoralfereis\/wp-json\/wp\/v2\/posts\/2107\/revisions"}],"wp:featuredmedia":[{"embeddable":true,"href":"https:\/\/www.tribunanf.com.br\/blogdoralfereis\/wp-json\/wp\/v2\/media\/638"}],"wp:attachment":[{"href":"https:\/\/www.tribunanf.com.br\/blogdoralfereis\/wp-json\/wp\/v2\/media?parent=2107"}],"wp:term":[{"taxonomy":"category","embeddable":true,"href":"https:\/\/www.tribunanf.com.br\/blogdoralfereis\/wp-json\/wp\/v2\/categories?post=2107"},{"taxonomy":"post_tag","embeddable":true,"href":"https:\/\/www.tribunanf.com.br\/blogdoralfereis\/wp-json\/wp\/v2\/tags?post=2107"}],"curies":[{"name":"wp","href":"https:\/\/api.w.org\/{rel}","templated":true}]}}