{"id":2104,"date":"2019-05-27T11:37:19","date_gmt":"2019-05-27T14:37:19","guid":{"rendered":"http:\/\/www.tribunanf.com.br\/blogdoralfereis\/?p=2104"},"modified":"2019-05-27T11:37:19","modified_gmt":"2019-05-27T14:37:19","slug":"fim-da-reeleicao-e-prorrogacao-de-mandato-acelera-na-camara-dos-deputados","status":"publish","type":"post","link":"https:\/\/www.tribunanf.com.br\/blogdoralfereis\/2019\/05\/27\/fim-da-reeleicao-e-prorrogacao-de-mandato-acelera-na-camara-dos-deputados\/","title":{"rendered":"Fim da reelei\u00e7\u00e3o e prorroga\u00e7\u00e3o de mandato acelera na C\u00e2mara dos Deputados"},"content":{"rendered":"<p><img loading=\"lazy\" decoding=\"async\" class=\"aligncenter size-full wp-image-2105\" src=\"http:\/\/www.tribunanf.com.br\/blogdoralfereis\/wp-content\/uploads\/sites\/11\/2019\/05\/camara-deputados.jpeg\" alt=\"\" width=\"660\" height=\"360\" srcset=\"https:\/\/www.tribunanf.com.br\/blogdoralfereis\/wp-content\/uploads\/sites\/11\/2019\/05\/camara-deputados.jpeg 660w, https:\/\/www.tribunanf.com.br\/blogdoralfereis\/wp-content\/uploads\/sites\/11\/2019\/05\/camara-deputados-300x164.jpeg 300w\" sizes=\"auto, (max-width: 660px) 100vw, 660px\" \/><\/p>\n<p style=\"text-align: justify;\">A\u00a0<strong>Cruso\u00e9<\/strong>\u00a0informa que, sem muito alarde, avan\u00e7ou na C\u00e2mara a proposta de emenda \u00e0 Constitui\u00e7\u00e3o que aumenta os mandatos de senadores, deputados e vereadores e acaba com a reelei\u00e7\u00e3o para prefeitos, governadores e presidente da Rep\u00fablica no Brasil.<\/p>\n<p style=\"text-align: justify;\">Fonte: O Antagonista<\/p>\n","protected":false},"excerpt":{"rendered":"<p>A\u00a0Cruso\u00e9\u00a0informa que, sem muito alarde, avan\u00e7ou na C\u00e2mara a proposta de emenda \u00e0 Constitui\u00e7\u00e3o que aumenta os mandatos de senadores,&#8230;<\/p>\n","protected":false},"author":2,"featured_media":2105,"comment_status":"open","ping_status":"open","sticky":false,"template":"","format":"standard","meta":{"colormag_page_container_layout":"default_layout","colormag_page_sidebar_layout":"default_layout","jetpack_post_was_ever_published":false,"_jetpack_newsletter_access":"","_jetpack_dont_email_post_to_subs":false,"_jetpack_newsletter_tier_id":0,"_jetpack_memberships_contains_paywalled_content":false,"_jetpack_memberships_contains_paid_content":false,"footnotes":""},"categories":[2],"tags":[],"class_list":["post-2104","post","type-post","status-publish","format-standard","has-post-thumbnail","hentry","category-politica"],"jetpack_featured_media_url":"https:\/\/www.tribunanf.com.br\/blogdoralfereis\/wp-content\/uploads\/sites\/11\/2019\/05\/camara-deputados.jpeg","jetpack_sharing_enabled":true,"_links":{"self":[{"href":"https:\/\/www.tribunanf.com.br\/blogdoralfereis\/wp-json\/wp\/v2\/posts\/2104","targetHints":{"allow":["GET"]}}],"collection":[{"href":"https:\/\/www.tribunanf.com.br\/blogdoralfereis\/wp-json\/wp\/v2\/posts"}],"about":[{"href":"https:\/\/www.tribunanf.com.br\/blogdoralfereis\/wp-json\/wp\/v2\/types\/post"}],"author":[{"embeddable":true,"href":"https:\/\/www.tribunanf.com.br\/blogdoralfereis\/wp-json\/wp\/v2\/users\/2"}],"replies":[{"embeddable":true,"href":"https:\/\/www.tribunanf.com.br\/blogdoralfereis\/wp-json\/wp\/v2\/comments?post=2104"}],"version-history":[{"count":0,"href":"https:\/\/www.tribunanf.com.br\/blogdoralfereis\/wp-json\/wp\/v2\/posts\/2104\/revisions"}],"wp:featuredmedia":[{"embeddable":true,"href":"https:\/\/www.tribunanf.com.br\/blogdoralfereis\/wp-json\/wp\/v2\/media\/2105"}],"wp:attachment":[{"href":"https:\/\/www.tribunanf.com.br\/blogdoralfereis\/wp-json\/wp\/v2\/media?parent=2104"}],"wp:term":[{"taxonomy":"category","embeddable":true,"href":"https:\/\/www.tribunanf.com.br\/blogdoralfereis\/wp-json\/wp\/v2\/categories?post=2104"},{"taxonomy":"post_tag","embeddable":true,"href":"https:\/\/www.tribunanf.com.br\/blogdoralfereis\/wp-json\/wp\/v2\/tags?post=2104"}],"curies":[{"name":"wp","href":"https:\/\/api.w.org\/{rel}","templated":true}]}}