{"id":2007,"date":"2019-05-15T10:33:25","date_gmt":"2019-05-15T13:33:25","guid":{"rendered":"http:\/\/www.tribunanf.com.br\/blogdoralfereis\/?p=2007"},"modified":"2019-05-15T10:33:25","modified_gmt":"2019-05-15T13:33:25","slug":"mais-r-15-milhao-de-quentinhas-na-fms","status":"publish","type":"post","link":"https:\/\/www.tribunanf.com.br\/blogdoralfereis\/2019\/05\/15\/mais-r-15-milhao-de-quentinhas-na-fms\/","title":{"rendered":"Mais R$ 1,5 milh\u00e3o de quentinhas na FMS"},"content":{"rendered":"<p><img loading=\"lazy\" decoding=\"async\" class=\"aligncenter size-full wp-image-2009\" src=\"http:\/\/www.tribunanf.com.br\/blogdoralfereis\/wp-content\/uploads\/sites\/11\/2019\/05\/sa\u00fade.jpg\" alt=\"\" width=\"984\" height=\"656\" srcset=\"https:\/\/www.tribunanf.com.br\/blogdoralfereis\/wp-content\/uploads\/sites\/11\/2019\/05\/sa\u00fade.jpg 984w, https:\/\/www.tribunanf.com.br\/blogdoralfereis\/wp-content\/uploads\/sites\/11\/2019\/05\/sa\u00fade-300x200.jpg 300w, https:\/\/www.tribunanf.com.br\/blogdoralfereis\/wp-content\/uploads\/sites\/11\/2019\/05\/sa\u00fade-768x512.jpg 768w\" sizes=\"auto, (max-width: 984px) 100vw, 984px\" \/><\/p>\n<p style=\"text-align: justify;\">A empresa de Ant\u00f4nio Carlos, a A.C.F. DA SILVA LTDA- ME, teve mais um contrato prorrogado na Funda\u00e7\u00e3o Municipal de Sa\u00fade, sob o valor de R$ 1.515.463,78 (Um milh\u00e3o quinhentos e quinze mil e quatrocentos e sessenta e tr\u00eas reais e setenta e oito centavos), pelo per\u00edodo de 6 meses.<\/p>\n<p style=\"text-align: justify;\">O contrato foi assinado ainda na gest\u00e3o passada e vem sendo prorrogado at\u00e9 o momento.<\/p>\n<p style=\"text-align: justify;\">Na \u00faltima semana, outro contrato da empresa de Ant\u00f4nio Carlos foi prorrogado (<a title=\"Abdu Neme prorroga contrato das quentinhas sob valor de R$ 1,6 milh\u00e3o\" href=\"http:\/\/www.tribunanf.com.br\/blogdoralfereis\/2019\/05\/08\/abdu-neme-prorroga-contrato-das-quentinhas-sob-valor-de-r-16-milhao\/\">Abdu prorroga contrato das quentinhas sob valor de R$ 1,6 milh\u00e3o).<\/a><\/p>\n<p><img loading=\"lazy\" decoding=\"async\" class=\"aligncenter size-full wp-image-2008\" src=\"http:\/\/www.tribunanf.com.br\/blogdoralfereis\/wp-content\/uploads\/sites\/11\/2019\/05\/Sem-t\u00edtulo-1.png\" alt=\"\" width=\"511\" height=\"378\" srcset=\"https:\/\/www.tribunanf.com.br\/blogdoralfereis\/wp-content\/uploads\/sites\/11\/2019\/05\/Sem-t\u00edtulo-1.png 511w, https:\/\/www.tribunanf.com.br\/blogdoralfereis\/wp-content\/uploads\/sites\/11\/2019\/05\/Sem-t\u00edtulo-1-300x222.png 300w\" sizes=\"auto, (max-width: 511px) 100vw, 511px\" \/><\/p>\n","protected":false},"excerpt":{"rendered":"<p>A empresa de Ant\u00f4nio Carlos, a A.C.F. DA SILVA LTDA- ME, teve mais um contrato prorrogado na Funda\u00e7\u00e3o Municipal de&#8230;<\/p>\n","protected":false},"author":2,"featured_media":2009,"comment_status":"open","ping_status":"open","sticky":false,"template":"","format":"standard","meta":{"colormag_page_container_layout":"default_layout","colormag_page_sidebar_layout":"default_layout","jetpack_post_was_ever_published":false,"_jetpack_newsletter_access":"","_jetpack_dont_email_post_to_subs":false,"_jetpack_newsletter_tier_id":0,"_jetpack_memberships_contains_paywalled_content":false,"_jetpack_memberships_contains_paid_content":false,"footnotes":""},"categories":[2],"tags":[],"class_list":["post-2007","post","type-post","status-publish","format-standard","has-post-thumbnail","hentry","category-politica"],"jetpack_featured_media_url":"https:\/\/www.tribunanf.com.br\/blogdoralfereis\/wp-content\/uploads\/sites\/11\/2019\/05\/sa\u00fade.jpg","jetpack_sharing_enabled":true,"_links":{"self":[{"href":"https:\/\/www.tribunanf.com.br\/blogdoralfereis\/wp-json\/wp\/v2\/posts\/2007","targetHints":{"allow":["GET"]}}],"collection":[{"href":"https:\/\/www.tribunanf.com.br\/blogdoralfereis\/wp-json\/wp\/v2\/posts"}],"about":[{"href":"https:\/\/www.tribunanf.com.br\/blogdoralfereis\/wp-json\/wp\/v2\/types\/post"}],"author":[{"embeddable":true,"href":"https:\/\/www.tribunanf.com.br\/blogdoralfereis\/wp-json\/wp\/v2\/users\/2"}],"replies":[{"embeddable":true,"href":"https:\/\/www.tribunanf.com.br\/blogdoralfereis\/wp-json\/wp\/v2\/comments?post=2007"}],"version-history":[{"count":0,"href":"https:\/\/www.tribunanf.com.br\/blogdoralfereis\/wp-json\/wp\/v2\/posts\/2007\/revisions"}],"wp:featuredmedia":[{"embeddable":true,"href":"https:\/\/www.tribunanf.com.br\/blogdoralfereis\/wp-json\/wp\/v2\/media\/2009"}],"wp:attachment":[{"href":"https:\/\/www.tribunanf.com.br\/blogdoralfereis\/wp-json\/wp\/v2\/media?parent=2007"}],"wp:term":[{"taxonomy":"category","embeddable":true,"href":"https:\/\/www.tribunanf.com.br\/blogdoralfereis\/wp-json\/wp\/v2\/categories?post=2007"},{"taxonomy":"post_tag","embeddable":true,"href":"https:\/\/www.tribunanf.com.br\/blogdoralfereis\/wp-json\/wp\/v2\/tags?post=2007"}],"curies":[{"name":"wp","href":"https:\/\/api.w.org\/{rel}","templated":true}]}}