{"id":1941,"date":"2019-05-03T22:01:04","date_gmt":"2019-05-04T01:01:04","guid":{"rendered":"http:\/\/www.tribunanf.com.br\/blogdoralfereis\/?p=1941"},"modified":"2019-05-03T22:13:30","modified_gmt":"2019-05-04T01:13:30","slug":"camara-campos-fred-machado-contrata-16-vigilantes-por-r-900-mil","status":"publish","type":"post","link":"https:\/\/www.tribunanf.com.br\/blogdoralfereis\/2019\/05\/03\/camara-campos-fred-machado-contrata-16-vigilantes-por-r-900-mil\/","title":{"rendered":"C\u00e2mara Campos: Fred Machado contrata 16 vigilantes por R$ 900 mil"},"content":{"rendered":"<p><img loading=\"lazy\" decoding=\"async\" class=\"aligncenter size-full wp-image-1943\" src=\"http:\/\/www.tribunanf.com.br\/blogdoralfereis\/wp-content\/uploads\/sites\/11\/2019\/05\/fred-machado.jpg\" alt=\"\" width=\"540\" height=\"360\" srcset=\"https:\/\/www.tribunanf.com.br\/blogdoralfereis\/wp-content\/uploads\/sites\/11\/2019\/05\/fred-machado.jpg 540w, https:\/\/www.tribunanf.com.br\/blogdoralfereis\/wp-content\/uploads\/sites\/11\/2019\/05\/fred-machado-300x200.jpg 300w\" sizes=\"auto, (max-width: 540px) 100vw, 540px\" \/><\/p>\n<p style=\"text-align: justify;\">Ap\u00f3s a pol\u00eamica da contrata\u00e7\u00e3o de cerca de 30 porteiros em contratos de RPA por R$ 172 mil no per\u00edodo eleitoral do ano passado, o atual presidente da C\u00e2mara Fred Machado publicou o extrato de contrato com a empresa que ficar\u00e1 respons\u00e1vel pelo servi\u00e7o de seguran\u00e7a do legislativo.<\/p>\n<p style=\"text-align: justify;\">No contrato original publicado no Di\u00e1rio Oficial, o valor pela contrata\u00e7\u00e3o de 38 vigilantes vai sair por R$ 1.575.017,04 (hum milh\u00e3o, quinhentos e setenta e cinco mil, dezessete reais e quatro centavos), por um per\u00edodo de oito meses (Confira abaixo).<\/p>\n<p style=\"text-align: justify;\">Economia&#8230;<\/p>\n<p style=\"text-align: justify;\">Com a nova pol\u00eamica, Fred Machado prometeu reduzir o contrato em 60%. Com isso, vai contratar 16 vigilantes sob o valor de R$900 mil pelo mesmo per\u00edodo.<\/p>\n<p style=\"text-align: justify;\">Enquanto n\u00e3o \u00e9 publicada a redu\u00e7\u00e3o, segue abaixo o valor original.<\/p>\n<p><img loading=\"lazy\" decoding=\"async\" class=\"aligncenter size-full wp-image-1942\" src=\"http:\/\/www.tribunanf.com.br\/blogdoralfereis\/wp-content\/uploads\/sites\/11\/2019\/05\/0001-2019-05-03T215830.381.jpg\" alt=\"\" width=\"2481\" height=\"3509\" srcset=\"https:\/\/www.tribunanf.com.br\/blogdoralfereis\/wp-content\/uploads\/sites\/11\/2019\/05\/0001-2019-05-03T215830.381.jpg 2481w, https:\/\/www.tribunanf.com.br\/blogdoralfereis\/wp-content\/uploads\/sites\/11\/2019\/05\/0001-2019-05-03T215830.381-212x300.jpg 212w, https:\/\/www.tribunanf.com.br\/blogdoralfereis\/wp-content\/uploads\/sites\/11\/2019\/05\/0001-2019-05-03T215830.381-768x1086.jpg 768w, https:\/\/www.tribunanf.com.br\/blogdoralfereis\/wp-content\/uploads\/sites\/11\/2019\/05\/0001-2019-05-03T215830.381-724x1024.jpg 724w\" sizes=\"auto, (max-width: 2481px) 100vw, 2481px\" \/><\/p>\n","protected":false},"excerpt":{"rendered":"<p>Ap\u00f3s a pol\u00eamica da contrata\u00e7\u00e3o de cerca de 30 porteiros em contratos de RPA por R$ 172 mil no per\u00edodo&#8230;<\/p>\n","protected":false},"author":2,"featured_media":1943,"comment_status":"open","ping_status":"open","sticky":false,"template":"","format":"standard","meta":{"colormag_page_container_layout":"default_layout","colormag_page_sidebar_layout":"default_layout","jetpack_post_was_ever_published":false,"_jetpack_newsletter_access":"","_jetpack_dont_email_post_to_subs":false,"_jetpack_newsletter_tier_id":0,"_jetpack_memberships_contains_paywalled_content":false,"_jetpack_memberships_contains_paid_content":false,"footnotes":""},"categories":[2],"tags":[],"class_list":["post-1941","post","type-post","status-publish","format-standard","has-post-thumbnail","hentry","category-politica"],"jetpack_featured_media_url":"https:\/\/www.tribunanf.com.br\/blogdoralfereis\/wp-content\/uploads\/sites\/11\/2019\/05\/fred-machado.jpg","jetpack_sharing_enabled":true,"_links":{"self":[{"href":"https:\/\/www.tribunanf.com.br\/blogdoralfereis\/wp-json\/wp\/v2\/posts\/1941","targetHints":{"allow":["GET"]}}],"collection":[{"href":"https:\/\/www.tribunanf.com.br\/blogdoralfereis\/wp-json\/wp\/v2\/posts"}],"about":[{"href":"https:\/\/www.tribunanf.com.br\/blogdoralfereis\/wp-json\/wp\/v2\/types\/post"}],"author":[{"embeddable":true,"href":"https:\/\/www.tribunanf.com.br\/blogdoralfereis\/wp-json\/wp\/v2\/users\/2"}],"replies":[{"embeddable":true,"href":"https:\/\/www.tribunanf.com.br\/blogdoralfereis\/wp-json\/wp\/v2\/comments?post=1941"}],"version-history":[{"count":0,"href":"https:\/\/www.tribunanf.com.br\/blogdoralfereis\/wp-json\/wp\/v2\/posts\/1941\/revisions"}],"wp:featuredmedia":[{"embeddable":true,"href":"https:\/\/www.tribunanf.com.br\/blogdoralfereis\/wp-json\/wp\/v2\/media\/1943"}],"wp:attachment":[{"href":"https:\/\/www.tribunanf.com.br\/blogdoralfereis\/wp-json\/wp\/v2\/media?parent=1941"}],"wp:term":[{"taxonomy":"category","embeddable":true,"href":"https:\/\/www.tribunanf.com.br\/blogdoralfereis\/wp-json\/wp\/v2\/categories?post=1941"},{"taxonomy":"post_tag","embeddable":true,"href":"https:\/\/www.tribunanf.com.br\/blogdoralfereis\/wp-json\/wp\/v2\/tags?post=1941"}],"curies":[{"name":"wp","href":"https:\/\/api.w.org\/{rel}","templated":true}]}}