{"id":1935,"date":"2019-05-03T13:33:54","date_gmt":"2019-05-03T16:33:54","guid":{"rendered":"http:\/\/www.tribunanf.com.br\/blogdoralfereis\/?p=1935"},"modified":"2019-05-03T13:33:54","modified_gmt":"2019-05-03T16:33:54","slug":"bacellar-x-marcao-para-comer-e-um-leao-para-trabalhar-um-gatinho","status":"publish","type":"post","link":"https:\/\/www.tribunanf.com.br\/blogdoralfereis\/2019\/05\/03\/bacellar-x-marcao-para-comer-e-um-leao-para-trabalhar-um-gatinho\/","title":{"rendered":"Bacellar x Marc\u00e3o: &#8220;para comer \u00e9 um le\u00e3o, para trabalhar um gatinho!&#8221;"},"content":{"rendered":"<p><img loading=\"lazy\" decoding=\"async\" class=\"aligncenter size-full wp-image-1938\" src=\"http:\/\/www.tribunanf.com.br\/blogdoralfereis\/wp-content\/uploads\/sites\/11\/2019\/05\/bacellar-1.jpg\" alt=\"\" width=\"787\" height=\"377\" srcset=\"https:\/\/www.tribunanf.com.br\/blogdoralfereis\/wp-content\/uploads\/sites\/11\/2019\/05\/bacellar-1.jpg 787w, https:\/\/www.tribunanf.com.br\/blogdoralfereis\/wp-content\/uploads\/sites\/11\/2019\/05\/bacellar-1-300x144.jpg 300w, https:\/\/www.tribunanf.com.br\/blogdoralfereis\/wp-content\/uploads\/sites\/11\/2019\/05\/bacellar-1-768x368.jpg 768w\" sizes=\"auto, (max-width: 787px) 100vw, 787px\" \/><\/p>\n<p style=\"text-align: justify;\">Ap\u00f3s rebater as insinua\u00e7\u00f5es do secret\u00e1rio de Desenvolvimento Humano Marc\u00e3o Gomes, o deputado Rodrigo Bacellar voltou a disparar forte contra o vereador licenciado.<\/p>\n<p style=\"text-align: justify;\">Ap\u00f3s a resposta de Bacellar no primeiro round, Marc\u00e3o rebateu atrav\u00e9s do jornal oficial do governo Rafael Diniz: <em>\u201cTriste \u00e9 se beneficiar do apoio do governo e depois negar, jurando de p\u00e9 junto. Al\u00e9m do seu pai, (o hoje ex-vereador) Marcos Bacellar, ele teve tamb\u00e9m o do edil Jairinho \u00c9 Show (PTC) e diversas outras lideran\u00e7as da administra\u00e7\u00e3o. N\u00e3o \u00e9 todo mundo que tem gratid\u00e3o. Rodrigo n\u00e3o deve nada a mim, mas ao governo. Todo mundo que est\u00e1 na pol\u00edtica sabe que ele foi ajudado. Mas pode ser mais c\u00f4modo negar e tentar mostrar um cacife que, na verdade, o deputado n\u00e3o tem\u201d.<\/em><\/p>\n<p style=\"text-align: justify;\">*Primeiro round: <strong><a title=\"Rodrigo Bacellar rebate Marc\u00e3o: \u201ceu n\u00e3o tive dobrada com nenhum candidato ligado ao atual Governo Municipal\u201d\" href=\"http:\/\/www.tribunanf.com.br\/blogdoralfereis\/2019\/05\/02\/rodrigo-bacellar-rebate-marcao-eu-nao-tive-dobrada-com-nenhum-candidato-ligado-ao-atual-governo-municipal\/\">Rodrigo Bacellar rebate Marc\u00e3o: \u201ceu n\u00e3o tive dobrada com nenhum candidato ligado ao atual Governo Municipal\u201d<\/a><\/strong><\/p>\n<p style=\"text-align: justify;\">Bacellar, o filho, que seria da bancada da bala na Alerj, devolveu com &#8216;tiro de 12&#8217; em um novo text\u00e3o nas redes sociais, sobrando estilha\u00e7os para o grupo Rafaelista.<\/p>\n<p style=\"text-align: justify;\"><em>&#8220;??? ??????? ??? ?\u00c3? ??????<\/em><\/p>\n<p style=\"text-align: justify;\"><em>Mais uma vez acordo com fal\u00e1cias. Dessa vez eu nem iria me pronunciar, pois ficar dando luz a quem est\u00e1 apagado \u00e9 tudo que eu n\u00e3o devia fazer. Mas enfim&#8230;<\/em><\/p>\n<p style=\"text-align: justify;\"><em>Em nota da imprensa local, recebo perplexo mais baboseiras vindas do candidato oficial do governo a deputado federal derrotado nas elei\u00e7\u00f5es. Mais uma vez eu repito: n\u00e3o tive ajuda de ningu\u00e9m, de nenhuma m\u00e1quina. Tive, sim, comprometimento e amizade. E sou grato. Cada pessoa que me ajudou tem a minha gratid\u00e3o.<\/em><\/p>\n<p style=\"text-align: justify;\"><em>Tentar de qualquer forma me vincular ao governo atual, assim como outros deputados eleitos, \u00e9 tentar surfar na onda dos outros. Se o leitor parar para pensar, qual candidato ligado ao governo ganhou? Todos os deputados eleitos tiveram vota\u00e7\u00e3o expressiva justamente pelo distanciamento do governo. Por que ser\u00e1?<\/em><\/p>\n<p style=\"text-align: justify;\"><em>Tentar vincular o governo aos vitoriosos na urna \u00e9 digno de pena. \u00c9 n\u00e3o assumir as falhas que eles mesmo cometeram. E s\u00e3o muitas! Toda essa conta ser\u00e1 paga na elei\u00e7\u00e3o de 2020, podem apostar no que eu falo.&#8221;<\/em><\/p>\n<p style=\"text-align: justify;\">Confira \u00e0 \u00edntegra:<\/p>\n<div class=\"fb-post\" data-href=\"https:\/\/www.facebook.com\/rodrigobacellaroficial\/posts\/2260093094254277?__tn__=K-R\" data-width=\"552\" style=\"background-color: #fff; display: inline-block;\"><\/div>\n","protected":false},"excerpt":{"rendered":"<p>Ap\u00f3s rebater as insinua\u00e7\u00f5es do secret\u00e1rio de Desenvolvimento Humano Marc\u00e3o Gomes, o deputado Rodrigo Bacellar voltou a disparar forte contra&#8230;<\/p>\n","protected":false},"author":2,"featured_media":1938,"comment_status":"open","ping_status":"open","sticky":false,"template":"","format":"standard","meta":{"colormag_page_container_layout":"default_layout","colormag_page_sidebar_layout":"default_layout","jetpack_post_was_ever_published":false,"_jetpack_newsletter_access":"","_jetpack_dont_email_post_to_subs":false,"_jetpack_newsletter_tier_id":0,"_jetpack_memberships_contains_paywalled_content":false,"_jetpack_memberships_contains_paid_content":false,"footnotes":""},"categories":[2],"tags":[],"class_list":["post-1935","post","type-post","status-publish","format-standard","has-post-thumbnail","hentry","category-politica"],"jetpack_featured_media_url":"https:\/\/www.tribunanf.com.br\/blogdoralfereis\/wp-content\/uploads\/sites\/11\/2019\/05\/bacellar-1.jpg","jetpack_sharing_enabled":true,"_links":{"self":[{"href":"https:\/\/www.tribunanf.com.br\/blogdoralfereis\/wp-json\/wp\/v2\/posts\/1935","targetHints":{"allow":["GET"]}}],"collection":[{"href":"https:\/\/www.tribunanf.com.br\/blogdoralfereis\/wp-json\/wp\/v2\/posts"}],"about":[{"href":"https:\/\/www.tribunanf.com.br\/blogdoralfereis\/wp-json\/wp\/v2\/types\/post"}],"author":[{"embeddable":true,"href":"https:\/\/www.tribunanf.com.br\/blogdoralfereis\/wp-json\/wp\/v2\/users\/2"}],"replies":[{"embeddable":true,"href":"https:\/\/www.tribunanf.com.br\/blogdoralfereis\/wp-json\/wp\/v2\/comments?post=1935"}],"version-history":[{"count":0,"href":"https:\/\/www.tribunanf.com.br\/blogdoralfereis\/wp-json\/wp\/v2\/posts\/1935\/revisions"}],"wp:featuredmedia":[{"embeddable":true,"href":"https:\/\/www.tribunanf.com.br\/blogdoralfereis\/wp-json\/wp\/v2\/media\/1938"}],"wp:attachment":[{"href":"https:\/\/www.tribunanf.com.br\/blogdoralfereis\/wp-json\/wp\/v2\/media?parent=1935"}],"wp:term":[{"taxonomy":"category","embeddable":true,"href":"https:\/\/www.tribunanf.com.br\/blogdoralfereis\/wp-json\/wp\/v2\/categories?post=1935"},{"taxonomy":"post_tag","embeddable":true,"href":"https:\/\/www.tribunanf.com.br\/blogdoralfereis\/wp-json\/wp\/v2\/tags?post=1935"}],"curies":[{"name":"wp","href":"https:\/\/api.w.org\/{rel}","templated":true}]}}