{"id":1928,"date":"2019-05-02T21:20:41","date_gmt":"2019-05-03T00:20:41","guid":{"rendered":"http:\/\/www.tribunanf.com.br\/blogdoralfereis\/?p=1928"},"modified":"2019-05-02T21:37:59","modified_gmt":"2019-05-03T00:37:59","slug":"making-of-comunicacao-de-rafael-diniz-comete-gafe-e-vaza-video-da-montagem-da-propaganda-do-hospital-sao-jose","status":"publish","type":"post","link":"https:\/\/www.tribunanf.com.br\/blogdoralfereis\/2019\/05\/02\/making-of-comunicacao-de-rafael-diniz-comete-gafe-e-vaza-video-da-montagem-da-propaganda-do-hospital-sao-jose\/","title":{"rendered":"Making of: comunica\u00e7\u00e3o de Rafael Diniz comete gafe e vaza v\u00eddeo da montagem da propaganda do Hospital S\u00e3o Jos\u00e9"},"content":{"rendered":"<p><img loading=\"lazy\" decoding=\"async\" class=\"aligncenter size-full wp-image-1930\" src=\"http:\/\/www.tribunanf.com.br\/blogdoralfereis\/wp-content\/uploads\/sites\/11\/2019\/05\/making-of.png\" alt=\"\" width=\"768\" height=\"392\" srcset=\"https:\/\/www.tribunanf.com.br\/blogdoralfereis\/wp-content\/uploads\/sites\/11\/2019\/05\/making-of.png 768w, https:\/\/www.tribunanf.com.br\/blogdoralfereis\/wp-content\/uploads\/sites\/11\/2019\/05\/making-of-300x153.png 300w\" sizes=\"auto, (max-width: 768px) 100vw, 768px\" \/><\/p>\n<p style=\"text-align: justify;\">A superintend\u00eancia de Comunica\u00e7\u00e3o do governo Rafael Diniz cometeu uma gafe no dia de hoje.<\/p>\n<p style=\"text-align: justify;\">Circula nas redes sociais um v\u00eddeo n\u00e3o editado que teria sido publicado nas m\u00eddias sociais do prefeito, e posteriormente apagado, no qual ele grava a propaganda que vai ao ar sobre o Hospital S\u00e3o Jos\u00e9.<\/p>\n<p style=\"text-align: justify;\">O making of (express\u00e3o em ingl\u00eas cuja tradu\u00e7\u00e3o \u00e9 &#8220;feitura de&#8221; ou &#8220;fazimento de&#8221; e consiste em um v\u00eddeo do que revela o que acontece nos bastidores durante a grava\u00e7\u00e3o de um conte\u00fado audiovisual), mostra o prefeito perguntando a sua equipe \u201c<em><strong>como que eu tenho que falar mesmo?<\/strong><\/em>\u201d.<\/p>\n<p>Confira:<\/p>\n<div class=\"fb-video\" data-allowfullscreen=\"true\" data-href=\"https:\/\/www.facebook.com\/tribunanf\/videos\/1243036689184206\/\" style=\"background-color: #fff; display: inline-block;\"><\/div>\n","protected":false},"excerpt":{"rendered":"<p>A superintend\u00eancia de Comunica\u00e7\u00e3o do governo Rafael Diniz cometeu uma gafe no dia de hoje. Circula nas redes sociais um&#8230;<\/p>\n","protected":false},"author":2,"featured_media":1930,"comment_status":"open","ping_status":"open","sticky":false,"template":"","format":"standard","meta":{"colormag_page_container_layout":"default_layout","colormag_page_sidebar_layout":"default_layout","jetpack_post_was_ever_published":false,"_jetpack_newsletter_access":"","_jetpack_dont_email_post_to_subs":false,"_jetpack_newsletter_tier_id":0,"_jetpack_memberships_contains_paywalled_content":false,"_jetpack_memberships_contains_paid_content":false,"footnotes":""},"categories":[2],"tags":[6,4],"class_list":["post-1928","post","type-post","status-publish","format-standard","has-post-thumbnail","hentry","category-politica","tag-campos-dos-goytacazes","tag-rafael-diniz"],"jetpack_featured_media_url":"https:\/\/www.tribunanf.com.br\/blogdoralfereis\/wp-content\/uploads\/sites\/11\/2019\/05\/making-of.png","jetpack_sharing_enabled":true,"_links":{"self":[{"href":"https:\/\/www.tribunanf.com.br\/blogdoralfereis\/wp-json\/wp\/v2\/posts\/1928","targetHints":{"allow":["GET"]}}],"collection":[{"href":"https:\/\/www.tribunanf.com.br\/blogdoralfereis\/wp-json\/wp\/v2\/posts"}],"about":[{"href":"https:\/\/www.tribunanf.com.br\/blogdoralfereis\/wp-json\/wp\/v2\/types\/post"}],"author":[{"embeddable":true,"href":"https:\/\/www.tribunanf.com.br\/blogdoralfereis\/wp-json\/wp\/v2\/users\/2"}],"replies":[{"embeddable":true,"href":"https:\/\/www.tribunanf.com.br\/blogdoralfereis\/wp-json\/wp\/v2\/comments?post=1928"}],"version-history":[{"count":0,"href":"https:\/\/www.tribunanf.com.br\/blogdoralfereis\/wp-json\/wp\/v2\/posts\/1928\/revisions"}],"wp:featuredmedia":[{"embeddable":true,"href":"https:\/\/www.tribunanf.com.br\/blogdoralfereis\/wp-json\/wp\/v2\/media\/1930"}],"wp:attachment":[{"href":"https:\/\/www.tribunanf.com.br\/blogdoralfereis\/wp-json\/wp\/v2\/media?parent=1928"}],"wp:term":[{"taxonomy":"category","embeddable":true,"href":"https:\/\/www.tribunanf.com.br\/blogdoralfereis\/wp-json\/wp\/v2\/categories?post=1928"},{"taxonomy":"post_tag","embeddable":true,"href":"https:\/\/www.tribunanf.com.br\/blogdoralfereis\/wp-json\/wp\/v2\/tags?post=1928"}],"curies":[{"name":"wp","href":"https:\/\/api.w.org\/{rel}","templated":true}]}}