{"id":1923,"date":"2019-05-02T17:13:18","date_gmt":"2019-05-02T20:13:18","guid":{"rendered":"http:\/\/www.tribunanf.com.br\/blogdoralfereis\/?p=1923"},"modified":"2019-05-02T17:26:24","modified_gmt":"2019-05-02T20:26:24","slug":"rodrigo-bacellar-rebate-marcao-eu-nao-tive-dobrada-com-nenhum-candidato-ligado-ao-atual-governo-municipal","status":"publish","type":"post","link":"https:\/\/www.tribunanf.com.br\/blogdoralfereis\/2019\/05\/02\/rodrigo-bacellar-rebate-marcao-eu-nao-tive-dobrada-com-nenhum-candidato-ligado-ao-atual-governo-municipal\/","title":{"rendered":"Rodrigo Bacellar rebate Marc\u00e3o: &#8220;eu n\u00e3o tive dobrada com nenhum candidato ligado ao atual Governo Municipal&#8221;"},"content":{"rendered":"<p><img loading=\"lazy\" decoding=\"async\" class=\"aligncenter size-full wp-image-1924\" src=\"http:\/\/www.tribunanf.com.br\/blogdoralfereis\/wp-content\/uploads\/sites\/11\/2019\/05\/bacellar.jpg\" alt=\"\" width=\"787\" height=\"377\" srcset=\"https:\/\/www.tribunanf.com.br\/blogdoralfereis\/wp-content\/uploads\/sites\/11\/2019\/05\/bacellar.jpg 787w, https:\/\/www.tribunanf.com.br\/blogdoralfereis\/wp-content\/uploads\/sites\/11\/2019\/05\/bacellar-300x144.jpg 300w, https:\/\/www.tribunanf.com.br\/blogdoralfereis\/wp-content\/uploads\/sites\/11\/2019\/05\/bacellar-768x368.jpg 768w\" sizes=\"auto, (max-width: 787px) 100vw, 787px\" \/><\/p>\n<p style=\"text-align: justify;\">O deputado estadual Rodrigo Bacellar rebateu as declara\u00e7\u00f5es do secret\u00e1rio de Desenvolvimento Humano, Marc\u00e3o Gomes, que afirmou no jornal oficial do governo que Rafael Diniz deu apoio direto e indireto ao parlamentar.<\/p>\n<p style=\"text-align: justify;\">Marc\u00e3o afirmou na nota: \u201cFiz dobrada com Jo\u00e3o Peixoto (DC), Gil Vianna (PSL) e Rodrigo Bacellar (SD) na campanha de 2018. Eu candidato a deputado federal e eles, a deputado estadual. Os tr\u00eas se elegeram com apoio direto ou indireto do governo Rafael (Diniz, PPS).&#8221;.<\/p>\n<p style=\"text-align: justify;\">A fala de Marc\u00e3o ainda deve gerar mais rea\u00e7\u00f5es.<\/p>\n<p style=\"text-align: justify;\">Bacellar n\u00e3o aliviou ao rebater o ex-presidente da C\u00e2mara. Confira:<\/p>\n<div class=\"fb-post\" data-href=\"https:\/\/www.facebook.com\/rodrigobacellaroficial\/posts\/2259561480974105\" data-width=\"552\" style=\"background-color: #fff; display: inline-block;\"><\/div>\n","protected":false},"excerpt":{"rendered":"<p>O deputado estadual Rodrigo Bacellar rebateu as declara\u00e7\u00f5es do secret\u00e1rio de Desenvolvimento Humano, Marc\u00e3o Gomes, que afirmou no jornal oficial&#8230;<\/p>\n","protected":false},"author":2,"featured_media":1924,"comment_status":"open","ping_status":"open","sticky":false,"template":"","format":"standard","meta":{"colormag_page_container_layout":"default_layout","colormag_page_sidebar_layout":"default_layout","jetpack_post_was_ever_published":false,"_jetpack_newsletter_access":"","_jetpack_dont_email_post_to_subs":false,"_jetpack_newsletter_tier_id":0,"_jetpack_memberships_contains_paywalled_content":false,"_jetpack_memberships_contains_paid_content":false,"footnotes":""},"categories":[2],"tags":[],"class_list":["post-1923","post","type-post","status-publish","format-standard","has-post-thumbnail","hentry","category-politica"],"jetpack_featured_media_url":"https:\/\/www.tribunanf.com.br\/blogdoralfereis\/wp-content\/uploads\/sites\/11\/2019\/05\/bacellar.jpg","jetpack_sharing_enabled":true,"_links":{"self":[{"href":"https:\/\/www.tribunanf.com.br\/blogdoralfereis\/wp-json\/wp\/v2\/posts\/1923","targetHints":{"allow":["GET"]}}],"collection":[{"href":"https:\/\/www.tribunanf.com.br\/blogdoralfereis\/wp-json\/wp\/v2\/posts"}],"about":[{"href":"https:\/\/www.tribunanf.com.br\/blogdoralfereis\/wp-json\/wp\/v2\/types\/post"}],"author":[{"embeddable":true,"href":"https:\/\/www.tribunanf.com.br\/blogdoralfereis\/wp-json\/wp\/v2\/users\/2"}],"replies":[{"embeddable":true,"href":"https:\/\/www.tribunanf.com.br\/blogdoralfereis\/wp-json\/wp\/v2\/comments?post=1923"}],"version-history":[{"count":0,"href":"https:\/\/www.tribunanf.com.br\/blogdoralfereis\/wp-json\/wp\/v2\/posts\/1923\/revisions"}],"wp:featuredmedia":[{"embeddable":true,"href":"https:\/\/www.tribunanf.com.br\/blogdoralfereis\/wp-json\/wp\/v2\/media\/1924"}],"wp:attachment":[{"href":"https:\/\/www.tribunanf.com.br\/blogdoralfereis\/wp-json\/wp\/v2\/media?parent=1923"}],"wp:term":[{"taxonomy":"category","embeddable":true,"href":"https:\/\/www.tribunanf.com.br\/blogdoralfereis\/wp-json\/wp\/v2\/categories?post=1923"},{"taxonomy":"post_tag","embeddable":true,"href":"https:\/\/www.tribunanf.com.br\/blogdoralfereis\/wp-json\/wp\/v2\/tags?post=1923"}],"curies":[{"name":"wp","href":"https:\/\/api.w.org\/{rel}","templated":true}]}}