{"id":1919,"date":"2019-05-02T08:58:33","date_gmt":"2019-05-02T11:58:33","guid":{"rendered":"http:\/\/www.tribunanf.com.br\/blogdoralfereis\/?p=1919"},"modified":"2019-05-02T09:38:20","modified_gmt":"2019-05-02T12:38:20","slug":"governo-rafael-diniz-faz-aditivo-de-acrescimo-de-r-12-milhao-na-iluminacao","status":"publish","type":"post","link":"https:\/\/www.tribunanf.com.br\/blogdoralfereis\/2019\/05\/02\/governo-rafael-diniz-faz-aditivo-de-acrescimo-de-r-12-milhao-na-iluminacao\/","title":{"rendered":"Governo Rafael Diniz faz aditivo de acr\u00e9scimo de R$ 1,2 milh\u00e3o na ilumina\u00e7\u00e3o"},"content":{"rendered":"<p><img loading=\"lazy\" decoding=\"async\" class=\"aligncenter size-full wp-image-1551\" src=\"http:\/\/www.tribunanf.com.br\/blogdoralfereis\/wp-content\/uploads\/sites\/11\/2019\/02\/rafael-1.jpg\" alt=\"\" width=\"735\" height=\"490\" srcset=\"https:\/\/www.tribunanf.com.br\/blogdoralfereis\/wp-content\/uploads\/sites\/11\/2019\/02\/rafael-1.jpg 735w, https:\/\/www.tribunanf.com.br\/blogdoralfereis\/wp-content\/uploads\/sites\/11\/2019\/02\/rafael-1-300x200.jpg 300w\" sizes=\"auto, (max-width: 735px) 100vw, 735px\" \/><\/p>\n<p style=\"text-align: justify;\">O governo Rafael Diniz, atrav\u00e9s da Superintend\u00eancia de Ilumina\u00e7\u00e3o, publicou no Di\u00e1rio Oficial desta quinta-feira (2) um aditivo de acr\u00e9scimo no contrato de ilumina\u00e7\u00e3o p\u00fablica com a empresa Urbeluz Energ\u00e9tica S\/A. O valor \u00e9 de R$ 1.233.033,69 (um milh\u00e3o, duzentos e trinta e tr\u00eas mil e trinta e tr\u00eas reais e sessenta e nove centavos).<\/p>\n<p style=\"text-align: justify;\">O ato gera mais suspeitas sobre a licita\u00e7\u00e3o da ilumina\u00e7\u00e3o, uma vez que a referida empresa s\u00f3 ganhou ap\u00f3s baixar o pre\u00e7o do servi\u00e7o pela metade na disputa do certame.<\/p>\n<p style=\"text-align: justify;\">Esse \u00e9 o tipo de neg\u00f3cio que n\u00e3o vai acabar bem. Podem anotar.<\/p>\n<p>&nbsp;<\/p>\n<p><img loading=\"lazy\" decoding=\"async\" class=\"aligncenter size-full wp-image-1920\" src=\"http:\/\/www.tribunanf.com.br\/blogdoralfereis\/wp-content\/uploads\/sites\/11\/2019\/05\/ilumina\u00e7\u00e3o.png\" alt=\"\" width=\"458\" height=\"363\" srcset=\"https:\/\/www.tribunanf.com.br\/blogdoralfereis\/wp-content\/uploads\/sites\/11\/2019\/05\/ilumina\u00e7\u00e3o.png 458w, https:\/\/www.tribunanf.com.br\/blogdoralfereis\/wp-content\/uploads\/sites\/11\/2019\/05\/ilumina\u00e7\u00e3o-300x238.png 300w\" sizes=\"auto, (max-width: 458px) 100vw, 458px\" \/><\/p>\n","protected":false},"excerpt":{"rendered":"<p>O governo Rafael Diniz, atrav\u00e9s da Superintend\u00eancia de Ilumina\u00e7\u00e3o, publicou no Di\u00e1rio Oficial desta quinta-feira (2) um aditivo de acr\u00e9scimo&#8230;<\/p>\n","protected":false},"author":2,"featured_media":1551,"comment_status":"open","ping_status":"open","sticky":false,"template":"","format":"standard","meta":{"colormag_page_container_layout":"default_layout","colormag_page_sidebar_layout":"default_layout","jetpack_post_was_ever_published":false,"_jetpack_newsletter_access":"","_jetpack_dont_email_post_to_subs":false,"_jetpack_newsletter_tier_id":0,"_jetpack_memberships_contains_paywalled_content":false,"_jetpack_memberships_contains_paid_content":false,"footnotes":""},"categories":[2],"tags":[],"class_list":["post-1919","post","type-post","status-publish","format-standard","has-post-thumbnail","hentry","category-politica"],"jetpack_featured_media_url":"https:\/\/www.tribunanf.com.br\/blogdoralfereis\/wp-content\/uploads\/sites\/11\/2019\/02\/rafael-1.jpg","jetpack_sharing_enabled":true,"_links":{"self":[{"href":"https:\/\/www.tribunanf.com.br\/blogdoralfereis\/wp-json\/wp\/v2\/posts\/1919","targetHints":{"allow":["GET"]}}],"collection":[{"href":"https:\/\/www.tribunanf.com.br\/blogdoralfereis\/wp-json\/wp\/v2\/posts"}],"about":[{"href":"https:\/\/www.tribunanf.com.br\/blogdoralfereis\/wp-json\/wp\/v2\/types\/post"}],"author":[{"embeddable":true,"href":"https:\/\/www.tribunanf.com.br\/blogdoralfereis\/wp-json\/wp\/v2\/users\/2"}],"replies":[{"embeddable":true,"href":"https:\/\/www.tribunanf.com.br\/blogdoralfereis\/wp-json\/wp\/v2\/comments?post=1919"}],"version-history":[{"count":0,"href":"https:\/\/www.tribunanf.com.br\/blogdoralfereis\/wp-json\/wp\/v2\/posts\/1919\/revisions"}],"wp:featuredmedia":[{"embeddable":true,"href":"https:\/\/www.tribunanf.com.br\/blogdoralfereis\/wp-json\/wp\/v2\/media\/1551"}],"wp:attachment":[{"href":"https:\/\/www.tribunanf.com.br\/blogdoralfereis\/wp-json\/wp\/v2\/media?parent=1919"}],"wp:term":[{"taxonomy":"category","embeddable":true,"href":"https:\/\/www.tribunanf.com.br\/blogdoralfereis\/wp-json\/wp\/v2\/categories?post=1919"},{"taxonomy":"post_tag","embeddable":true,"href":"https:\/\/www.tribunanf.com.br\/blogdoralfereis\/wp-json\/wp\/v2\/tags?post=1919"}],"curies":[{"name":"wp","href":"https:\/\/api.w.org\/{rel}","templated":true}]}}