{"id":1916,"date":"2019-05-02T08:33:53","date_gmt":"2019-05-02T11:33:53","guid":{"rendered":"http:\/\/www.tribunanf.com.br\/blogdoralfereis\/?p=1916"},"modified":"2019-05-02T08:33:53","modified_gmt":"2019-05-02T11:33:53","slug":"cabral-prepara-serie-de-delacoes-contra-empresario-da-festa-do-guardanapo","status":"publish","type":"post","link":"https:\/\/www.tribunanf.com.br\/blogdoralfereis\/2019\/05\/02\/cabral-prepara-serie-de-delacoes-contra-empresario-da-festa-do-guardanapo\/","title":{"rendered":"Cabral prepara s\u00e9rie de dela\u00e7\u00f5es contra empres\u00e1rio da &#8216;festa do guardanapo&#8217;"},"content":{"rendered":"<p><img loading=\"lazy\" decoding=\"async\" class=\"aligncenter size-full wp-image-1917\" src=\"http:\/\/www.tribunanf.com.br\/blogdoralfereis\/wp-content\/uploads\/sites\/11\/2019\/05\/Cabral-paris.jpg\" alt=\"\" width=\"640\" height=\"414\" srcset=\"https:\/\/www.tribunanf.com.br\/blogdoralfereis\/wp-content\/uploads\/sites\/11\/2019\/05\/Cabral-paris.jpg 640w, https:\/\/www.tribunanf.com.br\/blogdoralfereis\/wp-content\/uploads\/sites\/11\/2019\/05\/Cabral-paris-300x194.jpg 300w\" sizes=\"auto, (max-width: 640px) 100vw, 640px\" \/><\/p>\n<p class=\"texto\" style=\"text-align: justify;\">O ex-governador S\u00e9rgio Cabral (MDB) dar\u00e1 mais um depoimento ao juiz da Lava Jato, Marcelo Bretas, no pr\u00f3ximo dia 23. Cabral falar\u00e1 especificamente sobre a Opera\u00e7\u00e3o C\u2019ist Fini, de 2017. O principal alvo de Cabral ser\u00e1 o empres\u00e1rio Georges Sadala, conhecido como \u201cG\u00ea\u201d. Ele vai detalhar o que j\u00e1 foi dito por seu operador financeiro Carlos Miranda. Exemplo: o pagamento de propina que envolvia o contrato do Rio Poupa Tempo. Sadala foi s\u00f3cio da Agiliza Rio, respons\u00e1vel pelo programa que facilita a emiss\u00e3o de documentos. A empresa recebeu R$ 132,5 milh\u00f5es do governo entre 2009 e 2015.<\/p>\n<p class=\"texto\" style=\"text-align: justify;\"><strong>EX-SENADOR DO MDB SER\u00c1 O OUTRO ALVO<\/strong><\/p>\n<p class=\"texto\" style=\"text-align: justify;\">S\u00e9rgio Cabral tamb\u00e9m contar\u00e1 como a Cowan conseguiu participar da execu\u00e7\u00e3o das obras da Linha 4 do metr\u00f4. A intermedia\u00e7\u00e3o foi feita, segundo o ex-governador, por Georges Sadala. A Cowan, ali\u00e1s, \u00e9 uma das empresas que fez parte do projeto e pagou propina a Cabral junto com Odebrecht, Queiroz Galv\u00e3o e Carioca Engenharia. Al\u00e9m disso, o ex-governador vai revelar detalhes a Bretas de como Luiz Ot\u00e1vio de Oliveira Campos, ex-senador pelo MDB do Par\u00e1, sogro de Sadala e ligado \u00e0 fam\u00edlia Barbalho, atuou no neg\u00f3cio.<\/p>\n<p class=\"texto\" style=\"text-align: justify;\"><strong>DISPOSTO A FAZER DELA\u00c7\u00c3O PREMIADA<\/strong><\/p>\n<p class=\"texto\" style=\"text-align: justify;\">Cabral tem muito a dizer sobre Georges Sadala. O ex-governador \u00e9 r\u00e9u confesso e condenado a quase 200 anos de pris\u00e3o. Nos depoimentos ao juiz Marcelo Bretas, Cabral tem se voltado aos assuntos dos autos dos processos. Mas ele est\u00e1 disposto a detalhar os rolos do empres\u00e1rio com o governo do estado em uma poss\u00edvel dela\u00e7\u00e3o premiada, que n\u00e3o est\u00e1 descartada. \u00c0 \u00e9poca, Sadala tinha v\u00e1rios contratos com a gest\u00e3o Cabral. Era ainda representante do BMG no Rio, que negociava cr\u00e9dito consignado para servidores.<\/p>\n<p class=\"texto\" style=\"text-align: justify;\"><strong>FESTA EM PARIS INSPIROU OPERA\u00c7\u00c3O<\/strong><\/p>\n<p class=\"texto\" style=\"text-align: justify;\">A Opera\u00e7\u00e3o C\u2019ist Fini (\u201c\u00c9 o fim\u201d, em franc\u00eas) foi inspirada na festa de Paris em que Georges Sadala dan\u00e7a com guardanapo na cabe\u00e7a com ex-secret\u00e1rios de Cabral e empres\u00e1rios. Na opera\u00e7\u00e3o, al\u00e9m de Sadala, foram presos o ex-chefe da Casa Civil R\u00e9gis Fichtner e o ex-presidente do Departamento de Estradas de Rodagem (DER) Henrique Ribeiro.<\/p>\n<p style=\"text-align: justify;\">Fonte: Coluna Informe do Dia<\/p>\n","protected":false},"excerpt":{"rendered":"<p>O ex-governador S\u00e9rgio Cabral (MDB) dar\u00e1 mais um depoimento ao juiz da Lava Jato, Marcelo Bretas, no pr\u00f3ximo dia 23&#8230;.<\/p>\n","protected":false},"author":2,"featured_media":1917,"comment_status":"open","ping_status":"open","sticky":false,"template":"","format":"standard","meta":{"colormag_page_container_layout":"default_layout","colormag_page_sidebar_layout":"default_layout","jetpack_post_was_ever_published":false,"_jetpack_newsletter_access":"","_jetpack_dont_email_post_to_subs":false,"_jetpack_newsletter_tier_id":0,"_jetpack_memberships_contains_paywalled_content":false,"_jetpack_memberships_contains_paid_content":false,"footnotes":""},"categories":[2],"tags":[],"class_list":["post-1916","post","type-post","status-publish","format-standard","has-post-thumbnail","hentry","category-politica"],"jetpack_featured_media_url":"https:\/\/www.tribunanf.com.br\/blogdoralfereis\/wp-content\/uploads\/sites\/11\/2019\/05\/Cabral-paris.jpg","jetpack_sharing_enabled":true,"_links":{"self":[{"href":"https:\/\/www.tribunanf.com.br\/blogdoralfereis\/wp-json\/wp\/v2\/posts\/1916","targetHints":{"allow":["GET"]}}],"collection":[{"href":"https:\/\/www.tribunanf.com.br\/blogdoralfereis\/wp-json\/wp\/v2\/posts"}],"about":[{"href":"https:\/\/www.tribunanf.com.br\/blogdoralfereis\/wp-json\/wp\/v2\/types\/post"}],"author":[{"embeddable":true,"href":"https:\/\/www.tribunanf.com.br\/blogdoralfereis\/wp-json\/wp\/v2\/users\/2"}],"replies":[{"embeddable":true,"href":"https:\/\/www.tribunanf.com.br\/blogdoralfereis\/wp-json\/wp\/v2\/comments?post=1916"}],"version-history":[{"count":0,"href":"https:\/\/www.tribunanf.com.br\/blogdoralfereis\/wp-json\/wp\/v2\/posts\/1916\/revisions"}],"wp:featuredmedia":[{"embeddable":true,"href":"https:\/\/www.tribunanf.com.br\/blogdoralfereis\/wp-json\/wp\/v2\/media\/1917"}],"wp:attachment":[{"href":"https:\/\/www.tribunanf.com.br\/blogdoralfereis\/wp-json\/wp\/v2\/media?parent=1916"}],"wp:term":[{"taxonomy":"category","embeddable":true,"href":"https:\/\/www.tribunanf.com.br\/blogdoralfereis\/wp-json\/wp\/v2\/categories?post=1916"},{"taxonomy":"post_tag","embeddable":true,"href":"https:\/\/www.tribunanf.com.br\/blogdoralfereis\/wp-json\/wp\/v2\/tags?post=1916"}],"curies":[{"name":"wp","href":"https:\/\/api.w.org\/{rel}","templated":true}]}}