{"id":1913,"date":"2019-05-01T10:16:04","date_gmt":"2019-05-01T13:16:04","guid":{"rendered":"http:\/\/www.tribunanf.com.br\/blogdoralfereis\/?p=1913"},"modified":"2019-05-01T10:16:04","modified_gmt":"2019-05-01T13:16:04","slug":"bruno-dauaire-reconhece-que-sua-emenda-jabuti-eleitoreira-nao-pode-entrar-em-vigor","status":"publish","type":"post","link":"https:\/\/www.tribunanf.com.br\/blogdoralfereis\/2019\/05\/01\/bruno-dauaire-reconhece-que-sua-emenda-jabuti-eleitoreira-nao-pode-entrar-em-vigor\/","title":{"rendered":"Bruno Dauaire reconhece que sua emenda jabuti eleitoreira n\u00e3o pode entrar em vigor"},"content":{"rendered":"<p><img loading=\"lazy\" decoding=\"async\" class=\"aligncenter size-full wp-image-1668\" src=\"http:\/\/www.tribunanf.com.br\/blogdoralfereis\/wp-content\/uploads\/sites\/11\/2019\/03\/bruno.jpg\" alt=\"\" width=\"1024\" height=\"682\" srcset=\"https:\/\/www.tribunanf.com.br\/blogdoralfereis\/wp-content\/uploads\/sites\/11\/2019\/03\/bruno.jpg 1024w, https:\/\/www.tribunanf.com.br\/blogdoralfereis\/wp-content\/uploads\/sites\/11\/2019\/03\/bruno-300x200.jpg 300w, https:\/\/www.tribunanf.com.br\/blogdoralfereis\/wp-content\/uploads\/sites\/11\/2019\/03\/bruno-768x512.jpg 768w\" sizes=\"auto, (max-width: 1024px) 100vw, 1024px\" \/><\/p>\n<p style=\"text-align: justify;\">O deputado estadual Bruno Felgueira Dauaire, o Bruno Dauaire, publicou um v\u00eddeo em sua rede social explicando que uma emenda jabuti eleitoreira de sua autoria n\u00e3o poderia entrar em vigor neste momento, conforme o blog alertou.<\/p>\n<p style=\"text-align: justify;\">Bruninho, tentando pegar carona no projeto de lei 1.825\/16, do deputado Marcos Muller (PHS), que permite o porte de armas para os agentes de seguran\u00e7a socioeducativos do Degase, emendou com isen\u00e7\u00e3o do Imposto Sobre a Circula\u00e7\u00e3o de Mercadorias e Servi\u00e7os (ICMS) para a compra de armas de fogo para os agentes.<\/p>\n<p style=\"text-align: justify;\">Como publicamos aqui, a emenda jabuti eleitoreira de Bruno Dauaire poderia quebrar o regime de recupera\u00e7\u00e3o fiscal e levar o governo do estado \u00e0 fal\u00eancia total (<strong><a href=\"http:\/\/www.tribunanf.com.br\/blogdoralfereis\/2019\/04\/24\/emenda-jabuti-de-bruno-dauaire-pode-terminar-de-falir-o-governo-do-estado-do-rio\/\">Emenda \u2018jabuti\u2019 de Bruno Dauaire pode terminar de falir o governo do Estado do Rio<\/a><\/strong>).<\/p>\n<p>No v\u00eddeo, Bruninho disse ainda que teve que se explicar com o governador sobre o jabuti eleitoreiro.<\/p>\n<p><img loading=\"lazy\" decoding=\"async\" class=\"aligncenter size-full wp-image-1914\" src=\"http:\/\/www.tribunanf.com.br\/blogdoralfereis\/wp-content\/uploads\/sites\/11\/2019\/05\/1719c3b3-cb76-4ade-8975-2e1d146546d3.jpg\" alt=\"\" width=\"606\" height=\"806\" srcset=\"https:\/\/www.tribunanf.com.br\/blogdoralfereis\/wp-content\/uploads\/sites\/11\/2019\/05\/1719c3b3-cb76-4ade-8975-2e1d146546d3.jpg 606w, https:\/\/www.tribunanf.com.br\/blogdoralfereis\/wp-content\/uploads\/sites\/11\/2019\/05\/1719c3b3-cb76-4ade-8975-2e1d146546d3-226x300.jpg 226w\" sizes=\"auto, (max-width: 606px) 100vw, 606px\" \/><\/p>\n","protected":false},"excerpt":{"rendered":"<p>O deputado estadual Bruno Felgueira Dauaire, o Bruno Dauaire, publicou um v\u00eddeo em sua rede social explicando que uma emenda&#8230;<\/p>\n","protected":false},"author":2,"featured_media":1668,"comment_status":"open","ping_status":"open","sticky":false,"template":"","format":"standard","meta":{"colormag_page_container_layout":"default_layout","colormag_page_sidebar_layout":"default_layout","jetpack_post_was_ever_published":false,"_jetpack_newsletter_access":"","_jetpack_dont_email_post_to_subs":false,"_jetpack_newsletter_tier_id":0,"_jetpack_memberships_contains_paywalled_content":false,"_jetpack_memberships_contains_paid_content":false,"footnotes":""},"categories":[2],"tags":[],"class_list":["post-1913","post","type-post","status-publish","format-standard","has-post-thumbnail","hentry","category-politica"],"jetpack_featured_media_url":"https:\/\/www.tribunanf.com.br\/blogdoralfereis\/wp-content\/uploads\/sites\/11\/2019\/03\/bruno.jpg","jetpack_sharing_enabled":true,"_links":{"self":[{"href":"https:\/\/www.tribunanf.com.br\/blogdoralfereis\/wp-json\/wp\/v2\/posts\/1913","targetHints":{"allow":["GET"]}}],"collection":[{"href":"https:\/\/www.tribunanf.com.br\/blogdoralfereis\/wp-json\/wp\/v2\/posts"}],"about":[{"href":"https:\/\/www.tribunanf.com.br\/blogdoralfereis\/wp-json\/wp\/v2\/types\/post"}],"author":[{"embeddable":true,"href":"https:\/\/www.tribunanf.com.br\/blogdoralfereis\/wp-json\/wp\/v2\/users\/2"}],"replies":[{"embeddable":true,"href":"https:\/\/www.tribunanf.com.br\/blogdoralfereis\/wp-json\/wp\/v2\/comments?post=1913"}],"version-history":[{"count":0,"href":"https:\/\/www.tribunanf.com.br\/blogdoralfereis\/wp-json\/wp\/v2\/posts\/1913\/revisions"}],"wp:featuredmedia":[{"embeddable":true,"href":"https:\/\/www.tribunanf.com.br\/blogdoralfereis\/wp-json\/wp\/v2\/media\/1668"}],"wp:attachment":[{"href":"https:\/\/www.tribunanf.com.br\/blogdoralfereis\/wp-json\/wp\/v2\/media?parent=1913"}],"wp:term":[{"taxonomy":"category","embeddable":true,"href":"https:\/\/www.tribunanf.com.br\/blogdoralfereis\/wp-json\/wp\/v2\/categories?post=1913"},{"taxonomy":"post_tag","embeddable":true,"href":"https:\/\/www.tribunanf.com.br\/blogdoralfereis\/wp-json\/wp\/v2\/tags?post=1913"}],"curies":[{"name":"wp","href":"https:\/\/api.w.org\/{rel}","templated":true}]}}