{"id":1904,"date":"2019-04-29T17:34:45","date_gmt":"2019-04-29T20:34:45","guid":{"rendered":"http:\/\/www.tribunanf.com.br\/blogdoralfereis\/?p=1904"},"modified":"2019-04-29T17:34:45","modified_gmt":"2019-04-29T20:34:45","slug":"sjb-homem-bomba-da-difusora-pode-ser-a-terceira-via-para-derrotar-carla-machado-e-bruno-dauaire","status":"publish","type":"post","link":"https:\/\/www.tribunanf.com.br\/blogdoralfereis\/2019\/04\/29\/sjb-homem-bomba-da-difusora-pode-ser-a-terceira-via-para-derrotar-carla-machado-e-bruno-dauaire\/","title":{"rendered":"SJB: Homem bomba da Difusora pode ser a terceira via para derrotar Carla Machado e Bruno Dauaire"},"content":{"rendered":"<p><img loading=\"lazy\" decoding=\"async\" class=\"aligncenter size-full wp-image-1905\" src=\"http:\/\/www.tribunanf.com.br\/blogdoralfereis\/wp-content\/uploads\/sites\/11\/2019\/04\/dominguinho.jpg\" alt=\"\" width=\"1280\" height=\"853\" srcset=\"https:\/\/www.tribunanf.com.br\/blogdoralfereis\/wp-content\/uploads\/sites\/11\/2019\/04\/dominguinho.jpg 1280w, https:\/\/www.tribunanf.com.br\/blogdoralfereis\/wp-content\/uploads\/sites\/11\/2019\/04\/dominguinho-300x200.jpg 300w, https:\/\/www.tribunanf.com.br\/blogdoralfereis\/wp-content\/uploads\/sites\/11\/2019\/04\/dominguinho-768x512.jpg 768w, https:\/\/www.tribunanf.com.br\/blogdoralfereis\/wp-content\/uploads\/sites\/11\/2019\/04\/dominguinho-1024x682.jpg 1024w\" sizes=\"auto, (max-width: 1280px) 100vw, 1280px\" \/><\/p>\n<p style=\"text-align: justify;\">O homem bomba do programa Tribuna do Povo, da r\u00e1dio Campos Difusora, Domingos Abreu, o popular Dominguinhos, pode ser candidato \u00e0 prefeitura de S\u00e3o Jo\u00e3o da Barra em 2020.<\/p>\n<p style=\"text-align: justify;\">Dominguinhos \u00e9 ferrenho defensor da popula\u00e7\u00e3o sanjoanense e tem se revelado um dos respons\u00e1veis pelas den\u00fancias de desmandos na prefeitura de SJB e regi\u00e3o.<\/p>\n<p style=\"text-align: justify;\">O homem bomba \u00e9 potencial pr\u00e9-candidato para derrotar a atual prefeita Carla Machado e o deputado Bruno Dauaire. Carla e Bruno s\u00e3o r\u00e9us em a\u00e7\u00f5es na justi\u00e7a eleitoral.<\/p>\n<p style=\"text-align: justify;\">Para quem n\u00e3o sabe Dominguinhos j\u00e1 foi vereador no munic\u00edpio de SJB no per\u00edodo de 1988 a 1992.<\/p>\n","protected":false},"excerpt":{"rendered":"<p>O homem bomba do programa Tribuna do Povo, da r\u00e1dio Campos Difusora, Domingos Abreu, o popular Dominguinhos, pode ser candidato&#8230;<\/p>\n","protected":false},"author":2,"featured_media":1905,"comment_status":"open","ping_status":"open","sticky":false,"template":"","format":"standard","meta":{"colormag_page_container_layout":"default_layout","colormag_page_sidebar_layout":"default_layout","jetpack_post_was_ever_published":false,"_jetpack_newsletter_access":"","_jetpack_dont_email_post_to_subs":false,"_jetpack_newsletter_tier_id":0,"_jetpack_memberships_contains_paywalled_content":false,"_jetpack_memberships_contains_paid_content":false,"footnotes":""},"categories":[2],"tags":[],"class_list":["post-1904","post","type-post","status-publish","format-standard","has-post-thumbnail","hentry","category-politica"],"jetpack_featured_media_url":"https:\/\/www.tribunanf.com.br\/blogdoralfereis\/wp-content\/uploads\/sites\/11\/2019\/04\/dominguinho.jpg","jetpack_sharing_enabled":true,"_links":{"self":[{"href":"https:\/\/www.tribunanf.com.br\/blogdoralfereis\/wp-json\/wp\/v2\/posts\/1904","targetHints":{"allow":["GET"]}}],"collection":[{"href":"https:\/\/www.tribunanf.com.br\/blogdoralfereis\/wp-json\/wp\/v2\/posts"}],"about":[{"href":"https:\/\/www.tribunanf.com.br\/blogdoralfereis\/wp-json\/wp\/v2\/types\/post"}],"author":[{"embeddable":true,"href":"https:\/\/www.tribunanf.com.br\/blogdoralfereis\/wp-json\/wp\/v2\/users\/2"}],"replies":[{"embeddable":true,"href":"https:\/\/www.tribunanf.com.br\/blogdoralfereis\/wp-json\/wp\/v2\/comments?post=1904"}],"version-history":[{"count":0,"href":"https:\/\/www.tribunanf.com.br\/blogdoralfereis\/wp-json\/wp\/v2\/posts\/1904\/revisions"}],"wp:featuredmedia":[{"embeddable":true,"href":"https:\/\/www.tribunanf.com.br\/blogdoralfereis\/wp-json\/wp\/v2\/media\/1905"}],"wp:attachment":[{"href":"https:\/\/www.tribunanf.com.br\/blogdoralfereis\/wp-json\/wp\/v2\/media?parent=1904"}],"wp:term":[{"taxonomy":"category","embeddable":true,"href":"https:\/\/www.tribunanf.com.br\/blogdoralfereis\/wp-json\/wp\/v2\/categories?post=1904"},{"taxonomy":"post_tag","embeddable":true,"href":"https:\/\/www.tribunanf.com.br\/blogdoralfereis\/wp-json\/wp\/v2\/tags?post=1904"}],"curies":[{"name":"wp","href":"https:\/\/api.w.org\/{rel}","templated":true}]}}