{"id":1883,"date":"2019-04-25T16:35:28","date_gmt":"2019-04-25T19:35:28","guid":{"rendered":"http:\/\/www.tribunanf.com.br\/blogdoralfereis\/?p=1883"},"modified":"2019-04-25T16:36:43","modified_gmt":"2019-04-25T19:36:43","slug":"siprosep-convoca-servidores-para-deliberar-sobre-reajuste-salarial-e-a-proposta-de-rafael-diniz","status":"publish","type":"post","link":"https:\/\/www.tribunanf.com.br\/blogdoralfereis\/2019\/04\/25\/siprosep-convoca-servidores-para-deliberar-sobre-reajuste-salarial-e-a-proposta-de-rafael-diniz\/","title":{"rendered":"Siprosep convoca servidores para deliberar sobre reajuste salarial e a proposta de Rafael Diniz"},"content":{"rendered":"<p><img loading=\"lazy\" decoding=\"async\" class=\"aligncenter size-full wp-image-130\" src=\"http:\/\/www.tribunanf.com.br\/blogdoralfereis\/wp-content\/uploads\/sites\/11\/2018\/06\/rafael.jpg\" alt=\"\" width=\"750\" height=\"350\" srcset=\"https:\/\/www.tribunanf.com.br\/blogdoralfereis\/wp-content\/uploads\/sites\/11\/2018\/06\/rafael.jpg 750w, https:\/\/www.tribunanf.com.br\/blogdoralfereis\/wp-content\/uploads\/sites\/11\/2018\/06\/rafael-300x140.jpg 300w\" sizes=\"auto, (max-width: 750px) 100vw, 750px\" \/><\/p>\n<p style=\"text-align: justify;\">O Sindicato dos Professores e Servidores P\u00fablicos Municipais de Campos est\u00e1 convocando os servidores para assembleia geral extraordin\u00e1rio, que ocorre na pr\u00f3xima segunda-feira (29), para deliberar a pauta de revindica\u00e7\u00e3o salarial e a proposta do prefeito Rafael Diniz.<\/p>\n<p style=\"text-align: justify;\">\u00c9 importante a participa\u00e7\u00e3o em massa dos servidores.<\/p>\n<p>Veja a proposta inicial de Diniz aqui: <a title=\"Rafael Diniz agora prop\u00f5e 4,18% para o servidor\" href=\"http:\/\/www.tribunanf.com.br\/blogdoralfereis\/2019\/04\/24\/rafael-diniz-agora-propoe-418-para-o-servidor\/\">Rafael Diniz agora prop\u00f5e 4,18% para o servidor<\/a><\/p>\n<p><img loading=\"lazy\" decoding=\"async\" class=\"aligncenter size-full wp-image-1884\" src=\"http:\/\/www.tribunanf.com.br\/blogdoralfereis\/wp-content\/uploads\/sites\/11\/2019\/04\/58383806_410010696460252_3774068882042519552_n.jpg\" alt=\"\" width=\"502\" height=\"458\" srcset=\"https:\/\/www.tribunanf.com.br\/blogdoralfereis\/wp-content\/uploads\/sites\/11\/2019\/04\/58383806_410010696460252_3774068882042519552_n.jpg 502w, https:\/\/www.tribunanf.com.br\/blogdoralfereis\/wp-content\/uploads\/sites\/11\/2019\/04\/58383806_410010696460252_3774068882042519552_n-300x274.jpg 300w\" sizes=\"auto, (max-width: 502px) 100vw, 502px\" \/><\/p>\n","protected":false},"excerpt":{"rendered":"<p>O Sindicato dos Professores e Servidores P\u00fablicos Municipais de Campos est\u00e1 convocando os servidores para assembleia geral extraordin\u00e1rio, que ocorre&#8230;<\/p>\n","protected":false},"author":2,"featured_media":130,"comment_status":"open","ping_status":"open","sticky":false,"template":"","format":"standard","meta":{"colormag_page_container_layout":"default_layout","colormag_page_sidebar_layout":"default_layout","jetpack_post_was_ever_published":false,"_jetpack_newsletter_access":"","_jetpack_dont_email_post_to_subs":false,"_jetpack_newsletter_tier_id":0,"_jetpack_memberships_contains_paywalled_content":false,"_jetpack_memberships_contains_paid_content":false,"footnotes":""},"categories":[2],"tags":[],"class_list":["post-1883","post","type-post","status-publish","format-standard","has-post-thumbnail","hentry","category-politica"],"jetpack_featured_media_url":"https:\/\/www.tribunanf.com.br\/blogdoralfereis\/wp-content\/uploads\/sites\/11\/2018\/06\/rafael.jpg","jetpack_sharing_enabled":true,"_links":{"self":[{"href":"https:\/\/www.tribunanf.com.br\/blogdoralfereis\/wp-json\/wp\/v2\/posts\/1883","targetHints":{"allow":["GET"]}}],"collection":[{"href":"https:\/\/www.tribunanf.com.br\/blogdoralfereis\/wp-json\/wp\/v2\/posts"}],"about":[{"href":"https:\/\/www.tribunanf.com.br\/blogdoralfereis\/wp-json\/wp\/v2\/types\/post"}],"author":[{"embeddable":true,"href":"https:\/\/www.tribunanf.com.br\/blogdoralfereis\/wp-json\/wp\/v2\/users\/2"}],"replies":[{"embeddable":true,"href":"https:\/\/www.tribunanf.com.br\/blogdoralfereis\/wp-json\/wp\/v2\/comments?post=1883"}],"version-history":[{"count":0,"href":"https:\/\/www.tribunanf.com.br\/blogdoralfereis\/wp-json\/wp\/v2\/posts\/1883\/revisions"}],"wp:featuredmedia":[{"embeddable":true,"href":"https:\/\/www.tribunanf.com.br\/blogdoralfereis\/wp-json\/wp\/v2\/media\/130"}],"wp:attachment":[{"href":"https:\/\/www.tribunanf.com.br\/blogdoralfereis\/wp-json\/wp\/v2\/media?parent=1883"}],"wp:term":[{"taxonomy":"category","embeddable":true,"href":"https:\/\/www.tribunanf.com.br\/blogdoralfereis\/wp-json\/wp\/v2\/categories?post=1883"},{"taxonomy":"post_tag","embeddable":true,"href":"https:\/\/www.tribunanf.com.br\/blogdoralfereis\/wp-json\/wp\/v2\/tags?post=1883"}],"curies":[{"name":"wp","href":"https:\/\/api.w.org\/{rel}","templated":true}]}}