{"id":1827,"date":"2019-04-17T14:00:57","date_gmt":"2019-04-17T17:00:57","guid":{"rendered":"http:\/\/www.tribunanf.com.br\/blogdoralfereis\/?p=1827"},"modified":"2019-04-17T14:00:57","modified_gmt":"2019-04-17T17:00:57","slug":"desembargador-mantem-afastamento-e-bloqueio-de-bens-de-secretario-de-itaperuna","status":"publish","type":"post","link":"https:\/\/www.tribunanf.com.br\/blogdoralfereis\/2019\/04\/17\/desembargador-mantem-afastamento-e-bloqueio-de-bens-de-secretario-de-itaperuna\/","title":{"rendered":"Desembargador mant\u00e9m afastamento e bloqueio de bens de secret\u00e1rio de Itaperuna"},"content":{"rendered":"<p><img loading=\"lazy\" decoding=\"async\" class=\"aligncenter size-full wp-image-1829\" src=\"http:\/\/www.tribunanf.com.br\/blogdoralfereis\/wp-content\/uploads\/sites\/11\/2019\/04\/itaperuna.jpg\" alt=\"\" width=\"600\" height=\"366\" srcset=\"https:\/\/www.tribunanf.com.br\/blogdoralfereis\/wp-content\/uploads\/sites\/11\/2019\/04\/itaperuna.jpg 600w, https:\/\/www.tribunanf.com.br\/blogdoralfereis\/wp-content\/uploads\/sites\/11\/2019\/04\/itaperuna-300x183.jpg 300w\" sizes=\"auto, (max-width: 600px) 100vw, 600px\" \/><\/p>\n<p style=\"text-align: justify;\">O desembargador Paulo S\u00e9rgio Prestes dos Santos, do Tribunal de Justi\u00e7a do Rio de Janeiro, negou o pedido de liminar em Agravo de Instrumento impetrado pelo secret\u00e1rio afastado de Meio Ambiente de Itaperuna, Waldriano Terra.<\/p>\n<p style=\"text-align: justify;\">Waldriano foi afastado do cargo juntamente com o prefeito Marcus Vin\u00edcius no dia 21 de mar\u00e7o por supostas irregularidades no contrato de coleta seletiva da cidade. O secret\u00e1rio afastado tamb\u00e9m pedia o desbloqueio dos bens, ao qual foi negado.<\/p>\n<p style=\"text-align: justify;\">Confira a decis\u00e3o: <a href=\"http:\/\/www.tribunanf.com.br\/blogdoralfereis\/wp-content\/uploads\/sites\/11\/2019\/04\/decis\u00e3o-itaperuna-Waldriano.pdf\">decis\u00e3o itaperuna- Waldriano<\/a><\/p>\n","protected":false},"excerpt":{"rendered":"<p>O desembargador Paulo S\u00e9rgio Prestes dos Santos, do Tribunal de Justi\u00e7a do Rio de Janeiro, negou o pedido de liminar&#8230;<\/p>\n","protected":false},"author":2,"featured_media":1829,"comment_status":"open","ping_status":"open","sticky":false,"template":"","format":"standard","meta":{"colormag_page_container_layout":"default_layout","colormag_page_sidebar_layout":"default_layout","jetpack_post_was_ever_published":false,"_jetpack_newsletter_access":"","_jetpack_dont_email_post_to_subs":false,"_jetpack_newsletter_tier_id":0,"_jetpack_memberships_contains_paywalled_content":false,"_jetpack_memberships_contains_paid_content":false,"footnotes":""},"categories":[2],"tags":[],"class_list":["post-1827","post","type-post","status-publish","format-standard","has-post-thumbnail","hentry","category-politica"],"jetpack_featured_media_url":"https:\/\/www.tribunanf.com.br\/blogdoralfereis\/wp-content\/uploads\/sites\/11\/2019\/04\/itaperuna.jpg","jetpack_sharing_enabled":true,"_links":{"self":[{"href":"https:\/\/www.tribunanf.com.br\/blogdoralfereis\/wp-json\/wp\/v2\/posts\/1827","targetHints":{"allow":["GET"]}}],"collection":[{"href":"https:\/\/www.tribunanf.com.br\/blogdoralfereis\/wp-json\/wp\/v2\/posts"}],"about":[{"href":"https:\/\/www.tribunanf.com.br\/blogdoralfereis\/wp-json\/wp\/v2\/types\/post"}],"author":[{"embeddable":true,"href":"https:\/\/www.tribunanf.com.br\/blogdoralfereis\/wp-json\/wp\/v2\/users\/2"}],"replies":[{"embeddable":true,"href":"https:\/\/www.tribunanf.com.br\/blogdoralfereis\/wp-json\/wp\/v2\/comments?post=1827"}],"version-history":[{"count":0,"href":"https:\/\/www.tribunanf.com.br\/blogdoralfereis\/wp-json\/wp\/v2\/posts\/1827\/revisions"}],"wp:featuredmedia":[{"embeddable":true,"href":"https:\/\/www.tribunanf.com.br\/blogdoralfereis\/wp-json\/wp\/v2\/media\/1829"}],"wp:attachment":[{"href":"https:\/\/www.tribunanf.com.br\/blogdoralfereis\/wp-json\/wp\/v2\/media?parent=1827"}],"wp:term":[{"taxonomy":"category","embeddable":true,"href":"https:\/\/www.tribunanf.com.br\/blogdoralfereis\/wp-json\/wp\/v2\/categories?post=1827"},{"taxonomy":"post_tag","embeddable":true,"href":"https:\/\/www.tribunanf.com.br\/blogdoralfereis\/wp-json\/wp\/v2\/tags?post=1827"}],"curies":[{"name":"wp","href":"https:\/\/api.w.org\/{rel}","templated":true}]}}