{"id":1822,"date":"2019-04-16T18:56:40","date_gmt":"2019-04-16T21:56:40","guid":{"rendered":"http:\/\/www.tribunanf.com.br\/blogdoralfereis\/?p=1822"},"modified":"2019-04-16T18:56:40","modified_gmt":"2019-04-16T21:56:40","slug":"tce-suspende-licitacao-de-r-38-milhoes-para-compra-de-ambulancias-em-campos","status":"publish","type":"post","link":"https:\/\/www.tribunanf.com.br\/blogdoralfereis\/2019\/04\/16\/tce-suspende-licitacao-de-r-38-milhoes-para-compra-de-ambulancias-em-campos\/","title":{"rendered":"TCE suspende licita\u00e7\u00e3o de R$ 3,8 milh\u00f5es para compra de ambul\u00e2ncias em Campos"},"content":{"rendered":"<p><img loading=\"lazy\" decoding=\"async\" class=\"aligncenter size-full wp-image-130\" src=\"http:\/\/www.tribunanf.com.br\/blogdoralfereis\/wp-content\/uploads\/sites\/11\/2018\/06\/rafael.jpg\" alt=\"\" width=\"750\" height=\"350\" srcset=\"https:\/\/www.tribunanf.com.br\/blogdoralfereis\/wp-content\/uploads\/sites\/11\/2018\/06\/rafael.jpg 750w, https:\/\/www.tribunanf.com.br\/blogdoralfereis\/wp-content\/uploads\/sites\/11\/2018\/06\/rafael-300x140.jpg 300w\" sizes=\"auto, (max-width: 750px) 100vw, 750px\" \/><\/p>\n<p style=\"text-align: justify;\">O Tribunal de Contas do Estado suspendeu, nesta ter\u00e7a-feira (16), a licita\u00e7\u00e3o do governo Rafael Diniz para futura e eventual aquisi\u00e7\u00e3o de ambul\u00e2ncias tipo A, para atender \u00e0s necessidades da Secretaria Municipal de Sa\u00fade, no valor total estimado de R$ 3.849.320,00 (tr\u00eas milh\u00f5es, oitocentos e quarenta e nove mil, trezentos e vinte reais), com realiza\u00e7\u00e3o agendada para 17\/04\/2019.<\/p>\n<p style=\"text-align: justify;\">De acordo com Representante Brunisa Com\u00e9rcio e Servi\u00e7os para Tr\u00e2nsito e Transporte LTDA-ME, com sede em S\u00e3o Paulo, houve a irregular restri\u00e7\u00e3o de participa\u00e7\u00e3o apenas aos fabricantes ou concession\u00e1rios de ve\u00edculos, conforme indicado nos subitens 8.4 e 8.4.2 do Edital, encaminhando, inclusive, recente decis\u00e3o do Tribunal de Contas do Estado de S\u00e3o Paulo (TCE-SP), a qual considerou irregular tal imposi\u00e7\u00e3o edital\u00edcia.<\/p>\n<p>Confira a decis\u00e3o:<\/p>\n<p><img loading=\"lazy\" decoding=\"async\" class=\"aligncenter size-full wp-image-1823\" src=\"http:\/\/www.tribunanf.com.br\/blogdoralfereis\/wp-content\/uploads\/sites\/11\/2019\/04\/0001-2019-04-16T185253.882.jpg\" alt=\"\" width=\"2481\" height=\"3508\" srcset=\"https:\/\/www.tribunanf.com.br\/blogdoralfereis\/wp-content\/uploads\/sites\/11\/2019\/04\/0001-2019-04-16T185253.882.jpg 2481w, https:\/\/www.tribunanf.com.br\/blogdoralfereis\/wp-content\/uploads\/sites\/11\/2019\/04\/0001-2019-04-16T185253.882-212x300.jpg 212w, https:\/\/www.tribunanf.com.br\/blogdoralfereis\/wp-content\/uploads\/sites\/11\/2019\/04\/0001-2019-04-16T185253.882-768x1086.jpg 768w, https:\/\/www.tribunanf.com.br\/blogdoralfereis\/wp-content\/uploads\/sites\/11\/2019\/04\/0001-2019-04-16T185253.882-724x1024.jpg 724w\" sizes=\"auto, (max-width: 2481px) 100vw, 2481px\" \/> <img loading=\"lazy\" decoding=\"async\" class=\"aligncenter size-full wp-image-1824\" src=\"http:\/\/www.tribunanf.com.br\/blogdoralfereis\/wp-content\/uploads\/sites\/11\/2019\/04\/0002-83.jpg\" alt=\"\" width=\"2481\" height=\"3508\" srcset=\"https:\/\/www.tribunanf.com.br\/blogdoralfereis\/wp-content\/uploads\/sites\/11\/2019\/04\/0002-83.jpg 2481w, https:\/\/www.tribunanf.com.br\/blogdoralfereis\/wp-content\/uploads\/sites\/11\/2019\/04\/0002-83-212x300.jpg 212w, https:\/\/www.tribunanf.com.br\/blogdoralfereis\/wp-content\/uploads\/sites\/11\/2019\/04\/0002-83-768x1086.jpg 768w, https:\/\/www.tribunanf.com.br\/blogdoralfereis\/wp-content\/uploads\/sites\/11\/2019\/04\/0002-83-724x1024.jpg 724w\" sizes=\"auto, (max-width: 2481px) 100vw, 2481px\" \/> <img loading=\"lazy\" decoding=\"async\" class=\"aligncenter size-full wp-image-1825\" src=\"http:\/\/www.tribunanf.com.br\/blogdoralfereis\/wp-content\/uploads\/sites\/11\/2019\/04\/0003-52.jpg\" alt=\"\" width=\"2481\" height=\"3508\" srcset=\"https:\/\/www.tribunanf.com.br\/blogdoralfereis\/wp-content\/uploads\/sites\/11\/2019\/04\/0003-52.jpg 2481w, https:\/\/www.tribunanf.com.br\/blogdoralfereis\/wp-content\/uploads\/sites\/11\/2019\/04\/0003-52-212x300.jpg 212w, https:\/\/www.tribunanf.com.br\/blogdoralfereis\/wp-content\/uploads\/sites\/11\/2019\/04\/0003-52-768x1086.jpg 768w, https:\/\/www.tribunanf.com.br\/blogdoralfereis\/wp-content\/uploads\/sites\/11\/2019\/04\/0003-52-724x1024.jpg 724w\" sizes=\"auto, (max-width: 2481px) 100vw, 2481px\" \/><\/p>\n<p>&nbsp;<\/p>\n<p>&nbsp;<\/p>\n","protected":false},"excerpt":{"rendered":"<p>O Tribunal de Contas do Estado suspendeu, nesta ter\u00e7a-feira (16), a licita\u00e7\u00e3o do governo Rafael Diniz para futura e eventual&#8230;<\/p>\n","protected":false},"author":2,"featured_media":130,"comment_status":"open","ping_status":"open","sticky":false,"template":"","format":"standard","meta":{"colormag_page_container_layout":"default_layout","colormag_page_sidebar_layout":"default_layout","jetpack_post_was_ever_published":false,"_jetpack_newsletter_access":"","_jetpack_dont_email_post_to_subs":false,"_jetpack_newsletter_tier_id":0,"_jetpack_memberships_contains_paywalled_content":false,"_jetpack_memberships_contains_paid_content":false,"footnotes":""},"categories":[2],"tags":[],"class_list":["post-1822","post","type-post","status-publish","format-standard","has-post-thumbnail","hentry","category-politica"],"jetpack_featured_media_url":"https:\/\/www.tribunanf.com.br\/blogdoralfereis\/wp-content\/uploads\/sites\/11\/2018\/06\/rafael.jpg","jetpack_sharing_enabled":true,"_links":{"self":[{"href":"https:\/\/www.tribunanf.com.br\/blogdoralfereis\/wp-json\/wp\/v2\/posts\/1822","targetHints":{"allow":["GET"]}}],"collection":[{"href":"https:\/\/www.tribunanf.com.br\/blogdoralfereis\/wp-json\/wp\/v2\/posts"}],"about":[{"href":"https:\/\/www.tribunanf.com.br\/blogdoralfereis\/wp-json\/wp\/v2\/types\/post"}],"author":[{"embeddable":true,"href":"https:\/\/www.tribunanf.com.br\/blogdoralfereis\/wp-json\/wp\/v2\/users\/2"}],"replies":[{"embeddable":true,"href":"https:\/\/www.tribunanf.com.br\/blogdoralfereis\/wp-json\/wp\/v2\/comments?post=1822"}],"version-history":[{"count":0,"href":"https:\/\/www.tribunanf.com.br\/blogdoralfereis\/wp-json\/wp\/v2\/posts\/1822\/revisions"}],"wp:featuredmedia":[{"embeddable":true,"href":"https:\/\/www.tribunanf.com.br\/blogdoralfereis\/wp-json\/wp\/v2\/media\/130"}],"wp:attachment":[{"href":"https:\/\/www.tribunanf.com.br\/blogdoralfereis\/wp-json\/wp\/v2\/media?parent=1822"}],"wp:term":[{"taxonomy":"category","embeddable":true,"href":"https:\/\/www.tribunanf.com.br\/blogdoralfereis\/wp-json\/wp\/v2\/categories?post=1822"},{"taxonomy":"post_tag","embeddable":true,"href":"https:\/\/www.tribunanf.com.br\/blogdoralfereis\/wp-json\/wp\/v2\/tags?post=1822"}],"curies":[{"name":"wp","href":"https:\/\/api.w.org\/{rel}","templated":true}]}}