{"id":1806,"date":"2019-04-12T11:17:59","date_gmt":"2019-04-12T14:17:59","guid":{"rendered":"http:\/\/www.tribunanf.com.br\/blogdoralfereis\/?p=1806"},"modified":"2019-04-12T11:17:59","modified_gmt":"2019-04-12T14:17:59","slug":"bruninho-e-as-ppps-dos-presidios","status":"publish","type":"post","link":"https:\/\/www.tribunanf.com.br\/blogdoralfereis\/2019\/04\/12\/bruninho-e-as-ppps-dos-presidios\/","title":{"rendered":"Bruninho e as PPPs dos pres\u00eddios"},"content":{"rendered":"<p><img loading=\"lazy\" decoding=\"async\" class=\"aligncenter size-full wp-image-1461\" src=\"http:\/\/www.tribunanf.com.br\/blogdoralfereis\/wp-content\/uploads\/sites\/11\/2019\/01\/bruno.jpg\" alt=\"\" width=\"1024\" height=\"612\" srcset=\"https:\/\/www.tribunanf.com.br\/blogdoralfereis\/wp-content\/uploads\/sites\/11\/2019\/01\/bruno.jpg 1024w, https:\/\/www.tribunanf.com.br\/blogdoralfereis\/wp-content\/uploads\/sites\/11\/2019\/01\/bruno-300x179.jpg 300w, https:\/\/www.tribunanf.com.br\/blogdoralfereis\/wp-content\/uploads\/sites\/11\/2019\/01\/bruno-768x459.jpg 768w\" sizes=\"auto, (max-width: 1024px) 100vw, 1024px\" \/><\/p>\n<p style=\"text-align: justify;\">A coluna Extra, Extra, de Berenice Seara, noticiou no dia de ontem que um projeto que permite Parcerias P\u00fablico-Privadas (PPPs) para construir e administrar pres\u00eddios n\u00e3o foi votado.<\/p>\n<p style=\"text-align: justify;\">Bruno Dauaire, suplente da Comiss\u00e3o de Or\u00e7amento, n\u00e3o deu o ar da gra\u00e7a para votar o projeto. Segue o trecho da nota:<\/p>\n<p style=\"text-align: justify;\" align=\"justify\"><em>&#8220;&#8230;\u00c9 que, em seguida, seria votado o projeto de Rosenverg Reis (MDB) que permite a assinatura de Parcerias P\u00fablico-Privadas (PPPs) para construir e administrar pres\u00eddios.<\/em><\/p>\n<p style=\"text-align: justify;\" align=\"justify\"><em>E, a\u00ed, a turma que estava torcendo pela libera\u00e7\u00e3o das armas j\u00e1 n\u00e3o gostou.<\/em><\/p>\n<p style=\"text-align: justify;\" align=\"justify\"><em>Na hora de dar o parecer pela Comiss\u00e3o de Or\u00e7amento, Rodrigo Amorim (PSL) sumiu. <a href=\"https:\/\/extra.globo.com\/noticias\/extra-extra\/bancada-da-bala-some-apos-aprovar-porte-de-armas-na-alerj-23590413.html\" target=\"_blank\" rel=\"noopener\"><strong>Convocado o suplente, Bruno Dauaire (PRP) tamb\u00e9m n\u00e3o deu o ar de sua gra\u00e7a<\/strong>.&#8221;<\/a><\/em><\/p>\n<p style=\"text-align: justify;\" align=\"justify\">A nota causou estranheza a aqueles que leram a \u00edntegra da &#8220;Verde Oliva&#8221;, uma vez que o projeto previa melhorias nos pres\u00eddios.<\/p>\n<p style=\"text-align: justify;\" align=\"justify\">Bruninho vai acabar perdendo seus principais cabos eleitorais da \u00faltima campanha.<\/p>\n","protected":false},"excerpt":{"rendered":"<p>A coluna Extra, Extra, de Berenice Seara, noticiou no dia de ontem que um projeto que permite Parcerias P\u00fablico-Privadas (PPPs)&#8230;<\/p>\n","protected":false},"author":2,"featured_media":1461,"comment_status":"open","ping_status":"open","sticky":false,"template":"","format":"standard","meta":{"colormag_page_container_layout":"default_layout","colormag_page_sidebar_layout":"default_layout","jetpack_post_was_ever_published":false,"_jetpack_newsletter_access":"","_jetpack_dont_email_post_to_subs":false,"_jetpack_newsletter_tier_id":0,"_jetpack_memberships_contains_paywalled_content":false,"_jetpack_memberships_contains_paid_content":false,"footnotes":""},"categories":[2],"tags":[],"class_list":["post-1806","post","type-post","status-publish","format-standard","has-post-thumbnail","hentry","category-politica"],"jetpack_featured_media_url":"https:\/\/www.tribunanf.com.br\/blogdoralfereis\/wp-content\/uploads\/sites\/11\/2019\/01\/bruno.jpg","jetpack_sharing_enabled":true,"_links":{"self":[{"href":"https:\/\/www.tribunanf.com.br\/blogdoralfereis\/wp-json\/wp\/v2\/posts\/1806","targetHints":{"allow":["GET"]}}],"collection":[{"href":"https:\/\/www.tribunanf.com.br\/blogdoralfereis\/wp-json\/wp\/v2\/posts"}],"about":[{"href":"https:\/\/www.tribunanf.com.br\/blogdoralfereis\/wp-json\/wp\/v2\/types\/post"}],"author":[{"embeddable":true,"href":"https:\/\/www.tribunanf.com.br\/blogdoralfereis\/wp-json\/wp\/v2\/users\/2"}],"replies":[{"embeddable":true,"href":"https:\/\/www.tribunanf.com.br\/blogdoralfereis\/wp-json\/wp\/v2\/comments?post=1806"}],"version-history":[{"count":0,"href":"https:\/\/www.tribunanf.com.br\/blogdoralfereis\/wp-json\/wp\/v2\/posts\/1806\/revisions"}],"wp:featuredmedia":[{"embeddable":true,"href":"https:\/\/www.tribunanf.com.br\/blogdoralfereis\/wp-json\/wp\/v2\/media\/1461"}],"wp:attachment":[{"href":"https:\/\/www.tribunanf.com.br\/blogdoralfereis\/wp-json\/wp\/v2\/media?parent=1806"}],"wp:term":[{"taxonomy":"category","embeddable":true,"href":"https:\/\/www.tribunanf.com.br\/blogdoralfereis\/wp-json\/wp\/v2\/categories?post=1806"},{"taxonomy":"post_tag","embeddable":true,"href":"https:\/\/www.tribunanf.com.br\/blogdoralfereis\/wp-json\/wp\/v2\/tags?post=1806"}],"curies":[{"name":"wp","href":"https:\/\/api.w.org\/{rel}","templated":true}]}}