{"id":1790,"date":"2019-04-09T21:11:47","date_gmt":"2019-04-10T00:11:47","guid":{"rendered":"http:\/\/www.tribunanf.com.br\/blogdoralfereis\/?p=1790"},"modified":"2019-04-09T21:11:47","modified_gmt":"2019-04-10T00:11:47","slug":"costuras-politicas-estao-a-todo-vapor-na-planicie","status":"publish","type":"post","link":"https:\/\/www.tribunanf.com.br\/blogdoralfereis\/2019\/04\/09\/costuras-politicas-estao-a-todo-vapor-na-planicie\/","title":{"rendered":"Costuras pol\u00edticas est\u00e3o a todo vapor na plan\u00edcie"},"content":{"rendered":"<p><img loading=\"lazy\" decoding=\"async\" class=\"aligncenter size-full wp-image-1791\" src=\"http:\/\/www.tribunanf.com.br\/blogdoralfereis\/wp-content\/uploads\/sites\/11\/2019\/04\/Caio-e-Rodrigo-Bacellar-949x570.jpg\" alt=\"\" width=\"949\" height=\"570\" srcset=\"https:\/\/www.tribunanf.com.br\/blogdoralfereis\/wp-content\/uploads\/sites\/11\/2019\/04\/Caio-e-Rodrigo-Bacellar-949x570.jpg 949w, https:\/\/www.tribunanf.com.br\/blogdoralfereis\/wp-content\/uploads\/sites\/11\/2019\/04\/Caio-e-Rodrigo-Bacellar-949x570-300x180.jpg 300w, https:\/\/www.tribunanf.com.br\/blogdoralfereis\/wp-content\/uploads\/sites\/11\/2019\/04\/Caio-e-Rodrigo-Bacellar-949x570-768x461.jpg 768w\" sizes=\"auto, (max-width: 949px) 100vw, 949px\" \/><\/p>\n<p style=\"text-align: justify;\">O prefeit\u00e1vel Caio Vianna e o deputado estadual e tamb\u00e9m prefeit\u00e1vel Rodrigo Bacellar tiveram um encontro nesta ter\u00e7a-feira (9) para um bate papo sobre o futuro pol\u00edtico da Plan\u00edcie Goitac\u00e1.<\/p>\n<p style=\"text-align: justify;\">O que foi conversado entre os dois ficou na sala onde se reuniram. Mas as fotos publicadas pelos dois prefeit\u00e1veis nas redes sociais deixou a tropa Rafaelista muito incomodada, fazendo os membros do atual governo ficarem pendurados ao telefone, no zap, tentando descobrir o teor da conversa.<\/p>\n<p style=\"text-align: justify;\">Bacellar publicou no Intagram dizendo &#8220;Trocando ideias sobre nossa querida Campos dos Goytacazes, com meu amigo Caio Vianna&#8221;.<\/p>\n<p style=\"text-align: justify;\">Enquanto Caio publicou em seu Insta &#8220;Encontro produtivo com o deputado e amigo Rodrigo Bacellar. Sempre bom unir afinidades de ideias, projetos e sonhos por uma Campos melhor. Campos vai voltar a sorrir&#8221;.<\/p>\n<p style=\"text-align: justify;\">Enquanto uns conversam, outros que costumam &#8220;atravessar o caminho&#8221; at\u00e9 de aliados parecem ficar cada dia mais isolados.<\/p>\n","protected":false},"excerpt":{"rendered":"<p>O prefeit\u00e1vel Caio Vianna e o deputado estadual e tamb\u00e9m prefeit\u00e1vel Rodrigo Bacellar tiveram um encontro nesta ter\u00e7a-feira (9) para&#8230;<\/p>\n","protected":false},"author":2,"featured_media":1791,"comment_status":"open","ping_status":"open","sticky":false,"template":"","format":"standard","meta":{"colormag_page_container_layout":"default_layout","colormag_page_sidebar_layout":"default_layout","jetpack_post_was_ever_published":false,"_jetpack_newsletter_access":"","_jetpack_dont_email_post_to_subs":false,"_jetpack_newsletter_tier_id":0,"_jetpack_memberships_contains_paywalled_content":false,"_jetpack_memberships_contains_paid_content":false,"footnotes":""},"categories":[2],"tags":[34,6,36,35],"class_list":["post-1790","post","type-post","status-publish","format-standard","has-post-thumbnail","hentry","category-politica","tag-caio-vianna","tag-campos-dos-goytacazes","tag-eleicoes-2020","tag-rodrigo-bacellar"],"jetpack_featured_media_url":"https:\/\/www.tribunanf.com.br\/blogdoralfereis\/wp-content\/uploads\/sites\/11\/2019\/04\/Caio-e-Rodrigo-Bacellar-949x570.jpg","jetpack_sharing_enabled":true,"_links":{"self":[{"href":"https:\/\/www.tribunanf.com.br\/blogdoralfereis\/wp-json\/wp\/v2\/posts\/1790","targetHints":{"allow":["GET"]}}],"collection":[{"href":"https:\/\/www.tribunanf.com.br\/blogdoralfereis\/wp-json\/wp\/v2\/posts"}],"about":[{"href":"https:\/\/www.tribunanf.com.br\/blogdoralfereis\/wp-json\/wp\/v2\/types\/post"}],"author":[{"embeddable":true,"href":"https:\/\/www.tribunanf.com.br\/blogdoralfereis\/wp-json\/wp\/v2\/users\/2"}],"replies":[{"embeddable":true,"href":"https:\/\/www.tribunanf.com.br\/blogdoralfereis\/wp-json\/wp\/v2\/comments?post=1790"}],"version-history":[{"count":0,"href":"https:\/\/www.tribunanf.com.br\/blogdoralfereis\/wp-json\/wp\/v2\/posts\/1790\/revisions"}],"wp:featuredmedia":[{"embeddable":true,"href":"https:\/\/www.tribunanf.com.br\/blogdoralfereis\/wp-json\/wp\/v2\/media\/1791"}],"wp:attachment":[{"href":"https:\/\/www.tribunanf.com.br\/blogdoralfereis\/wp-json\/wp\/v2\/media?parent=1790"}],"wp:term":[{"taxonomy":"category","embeddable":true,"href":"https:\/\/www.tribunanf.com.br\/blogdoralfereis\/wp-json\/wp\/v2\/categories?post=1790"},{"taxonomy":"post_tag","embeddable":true,"href":"https:\/\/www.tribunanf.com.br\/blogdoralfereis\/wp-json\/wp\/v2\/tags?post=1790"}],"curies":[{"name":"wp","href":"https:\/\/api.w.org\/{rel}","templated":true}]}}