{"id":1779,"date":"2019-04-08T17:04:01","date_gmt":"2019-04-08T20:04:01","guid":{"rendered":"http:\/\/www.tribunanf.com.br\/blogdoralfereis\/?p=1779"},"modified":"2019-04-09T15:14:46","modified_gmt":"2019-04-09T18:14:46","slug":"justica-suspende-posse-de-deputados-do-rio-presos-preventivamente","status":"publish","type":"post","link":"https:\/\/www.tribunanf.com.br\/blogdoralfereis\/2019\/04\/08\/justica-suspende-posse-de-deputados-do-rio-presos-preventivamente\/","title":{"rendered":"Justi\u00e7a suspende posse de deputados do Rio presos preventivamente"},"content":{"rendered":"<p><img loading=\"lazy\" decoding=\"async\" class=\"aligncenter size-full wp-image-1148\" src=\"http:\/\/www.tribunanf.com.br\/blogdoralfereis\/wp-content\/uploads\/sites\/11\/2018\/11\/alerj.jpeg\" alt=\"\" width=\"1327\" height=\"995\" srcset=\"https:\/\/www.tribunanf.com.br\/blogdoralfereis\/wp-content\/uploads\/sites\/11\/2018\/11\/alerj.jpeg 1327w, https:\/\/www.tribunanf.com.br\/blogdoralfereis\/wp-content\/uploads\/sites\/11\/2018\/11\/alerj-300x225.jpeg 300w, https:\/\/www.tribunanf.com.br\/blogdoralfereis\/wp-content\/uploads\/sites\/11\/2018\/11\/alerj-768x576.jpeg 768w, https:\/\/www.tribunanf.com.br\/blogdoralfereis\/wp-content\/uploads\/sites\/11\/2018\/11\/alerj-1024x768.jpeg 1024w\" sizes=\"auto, (max-width: 1327px) 100vw, 1327px\" \/><\/p>\n<p style=\"text-align: justify;\">A posse dos deputados que foram presos preventivamente na Opera\u00e7\u00e3o Furna da On\u00e7a foi sustada, nesta segunda-feira (08\/04), pela ju\u00edza Luciana Losada, da 13\u00aa Vara de Fazenda P\u00fablica do Tribunal de Justi\u00e7a do Rio.<\/p>\n<p style=\"text-align: justify;\">Atendendo a um pedido do Minist\u00e9rio P\u00fablico, a decis\u00e3o, em car\u00e1ter liminar, sustou todos os efeitos do ato da Assembleia Legislativa do Rio que autorizou a retirada do livro de posse da Alerj para lev\u00e1-lo \u00e0 penitenci\u00e1ria em que est\u00e3o presos os deputados Marcus Vin\u00edcius, Luiz Martins, Marcos Abrah\u00e3o e Andr\u00e9 Correa, assim como \u00e0 resid\u00eancia do deputado Chiquinho da Mangueira, que est\u00e1 em pris\u00e3o domiciliar.<\/p>\n<p style=\"text-align: justify;\">No m\u00eas passado, a mesa diretora da Alerj, presidida pelo deputado Andr\u00e9 Ceciliano, deu posse aos deputados. O Minist\u00e9rio P\u00fablico do Rio ajuizou, ent\u00e3o, A\u00e7\u00e3o Civil P\u00fablica contra a Assembleia Legislativa para anular a decis\u00e3o.<\/p>\n<p style=\"text-align: justify;\">Proc. 007017380.2019.819.0001<\/p>\n<p style=\"text-align: justify;\">Fonte: TJRJ<\/p>\n","protected":false},"excerpt":{"rendered":"<p>A posse dos deputados que foram presos preventivamente na Opera\u00e7\u00e3o Furna da On\u00e7a foi sustada, nesta segunda-feira (08\/04), pela ju\u00edza&#8230;<\/p>\n","protected":false},"author":2,"featured_media":1148,"comment_status":"open","ping_status":"open","sticky":false,"template":"","format":"standard","meta":{"colormag_page_container_layout":"default_layout","colormag_page_sidebar_layout":"default_layout","jetpack_post_was_ever_published":false,"_jetpack_newsletter_access":"","_jetpack_dont_email_post_to_subs":false,"_jetpack_newsletter_tier_id":0,"_jetpack_memberships_contains_paywalled_content":false,"_jetpack_memberships_contains_paid_content":false,"footnotes":""},"categories":[2],"tags":[],"class_list":["post-1779","post","type-post","status-publish","format-standard","has-post-thumbnail","hentry","category-politica"],"jetpack_featured_media_url":"https:\/\/www.tribunanf.com.br\/blogdoralfereis\/wp-content\/uploads\/sites\/11\/2018\/11\/alerj.jpeg","jetpack_sharing_enabled":true,"_links":{"self":[{"href":"https:\/\/www.tribunanf.com.br\/blogdoralfereis\/wp-json\/wp\/v2\/posts\/1779","targetHints":{"allow":["GET"]}}],"collection":[{"href":"https:\/\/www.tribunanf.com.br\/blogdoralfereis\/wp-json\/wp\/v2\/posts"}],"about":[{"href":"https:\/\/www.tribunanf.com.br\/blogdoralfereis\/wp-json\/wp\/v2\/types\/post"}],"author":[{"embeddable":true,"href":"https:\/\/www.tribunanf.com.br\/blogdoralfereis\/wp-json\/wp\/v2\/users\/2"}],"replies":[{"embeddable":true,"href":"https:\/\/www.tribunanf.com.br\/blogdoralfereis\/wp-json\/wp\/v2\/comments?post=1779"}],"version-history":[{"count":0,"href":"https:\/\/www.tribunanf.com.br\/blogdoralfereis\/wp-json\/wp\/v2\/posts\/1779\/revisions"}],"wp:featuredmedia":[{"embeddable":true,"href":"https:\/\/www.tribunanf.com.br\/blogdoralfereis\/wp-json\/wp\/v2\/media\/1148"}],"wp:attachment":[{"href":"https:\/\/www.tribunanf.com.br\/blogdoralfereis\/wp-json\/wp\/v2\/media?parent=1779"}],"wp:term":[{"taxonomy":"category","embeddable":true,"href":"https:\/\/www.tribunanf.com.br\/blogdoralfereis\/wp-json\/wp\/v2\/categories?post=1779"},{"taxonomy":"post_tag","embeddable":true,"href":"https:\/\/www.tribunanf.com.br\/blogdoralfereis\/wp-json\/wp\/v2\/tags?post=1779"}],"curies":[{"name":"wp","href":"https:\/\/api.w.org\/{rel}","templated":true}]}}