{"id":16971,"date":"2026-09-06T10:34:30","date_gmt":"2026-09-06T13:34:30","guid":{"rendered":"https:\/\/www.tribunanf.com.br\/blogdoralfereis\/?p=16971"},"modified":"2026-09-06T10:34:30","modified_gmt":"2026-09-06T13:34:30","slug":"rio-paraiba-do-sul-podera-ter-rota-fluvial-com-catamaras-para-turismo-revela-colunista","status":"publish","type":"post","link":"https:\/\/www.tribunanf.com.br\/blogdoralfereis\/2026\/09\/06\/rio-paraiba-do-sul-podera-ter-rota-fluvial-com-catamaras-para-turismo-revela-colunista\/","title":{"rendered":"Rio Para\u00edba do Sul poder\u00e1 ter rota fluvial com catamar\u00e3s para turismo, revela colunista"},"content":{"rendered":"<figure id=\"attachment_16972\" aria-describedby=\"caption-attachment-16972\" style=\"width: 800px\" class=\"wp-caption aligncenter\"><img decoding=\"async\" class=\"size-large wp-image-16972\" src=\"https:\/\/www.tribunanf.com.br\/wp-content\/uploads\/sites\/11\/2026\/09\/Coluna-Balbi_-Barcos-no-Paraiba-para-turismo-1024x768.jpeg\" alt=\"barcas catamar\u00e3s no Rio Para\u00edba do Sul \" width=\"800\" height=\"600\" srcset=\"https:\/\/www.tribunanf.com.br\/blogdoralfereis\/wp-content\/uploads\/sites\/11\/2026\/09\/Coluna-Balbi_-Barcos-no-Paraiba-para-turismo-1024x768.jpeg 1024w, https:\/\/www.tribunanf.com.br\/blogdoralfereis\/wp-content\/uploads\/sites\/11\/2026\/09\/Coluna-Balbi_-Barcos-no-Paraiba-para-turismo-300x225.jpeg 300w, https:\/\/www.tribunanf.com.br\/blogdoralfereis\/wp-content\/uploads\/sites\/11\/2026\/09\/Coluna-Balbi_-Barcos-no-Paraiba-para-turismo-768x576.jpeg 768w, https:\/\/www.tribunanf.com.br\/blogdoralfereis\/wp-content\/uploads\/sites\/11\/2026\/09\/Coluna-Balbi_-Barcos-no-Paraiba-para-turismo.jpeg 1195w\" sizes=\"(max-width: 800px) 100vw, 800px\" \/><figcaption id=\"caption-attachment-16972\" class=\"wp-caption-text\">Barcas catamar\u00e3s no RIo Para\u00edba do Sul. Imagem ilustrativa da Coluna do Babi<\/figcaption><\/figure>\n<p style=\"text-align: justify;\">Um cons\u00f3rcio de empres\u00e1rios estuda investir em uma nova rota tur\u00edstica pelo Rio Para\u00edba do Sul. O projeto prev\u00ea um percurso entre S\u00e3o Fid\u00e9lis e a foz do rio, na praia de Atafona, em S\u00e3o Jo\u00e3o da Barra. A viagem seria feita em barcas catamar\u00e3s de fibra de vidro, com capacidade para 30 passageiros. Estudos sobre o calado e a profundidade do rio j\u00e1 foram realizados. Os levantamentos indicam que a opera\u00e7\u00e3o \u00e9 vi\u00e1vel. A proposta foi inspirada na experi\u00eancia de Barra Bonita, em S\u00e3o Paulo, no Rio Tiet\u00ea. A iniciativa pode criar uma nova op\u00e7\u00e3o de turismo fluvial para a regi\u00e3o. O projeto tamb\u00e9m abre espa\u00e7o para restaurantes, com\u00e9rcio e outros servi\u00e7os ao longo do percurso. A ideia \u00e9 transformar o rio em uma nova alternativa de lazer e integra\u00e7\u00e3o entre os munic\u00edpios.<\/p>\n<p>A informa\u00e7\u00e3o \u00e9 da Coluna do jornalista Aloysio Balbi, do J3News.<\/p>\n","protected":false},"excerpt":{"rendered":"<p>Um cons\u00f3rcio de empres\u00e1rios estuda investir em uma nova rota tur\u00edstica pelo Rio Para\u00edba do Sul. O projeto prev\u00ea um&#8230;<\/p>\n","protected":false},"author":2,"featured_media":16972,"comment_status":"open","ping_status":"open","sticky":false,"template":"","format":"standard","meta":{"colormag_page_container_layout":"default_layout","colormag_page_sidebar_layout":"default_layout","_jetpack_newsletter_access":"","_jetpack_dont_email_post_to_subs":false,"_jetpack_newsletter_tier_id":0,"_jetpack_memberships_contains_paywalled_content":false,"_jetpack_feature_clip_id":0,"_jetpack_memberships_contains_paid_content":false,"footnotes":"","jetpack_post_was_ever_published":false},"categories":[7],"tags":[],"class_list":["post-16971","post","type-post","status-publish","format-standard","has-post-thumbnail","hentry","category-economia"],"jetpack_sharing_enabled":true,"jetpack-related-posts":[],"jetpack_featured_media_url":"https:\/\/www.tribunanf.com.br\/blogdoralfereis\/wp-content\/uploads\/sites\/11\/2026\/09\/Coluna-Balbi_-Barcos-no-Paraiba-para-turismo.jpeg","_links":{"self":[{"href":"https:\/\/www.tribunanf.com.br\/blogdoralfereis\/wp-json\/wp\/v2\/posts\/16971","targetHints":{"allow":["GET"]}}],"collection":[{"href":"https:\/\/www.tribunanf.com.br\/blogdoralfereis\/wp-json\/wp\/v2\/posts"}],"about":[{"href":"https:\/\/www.tribunanf.com.br\/blogdoralfereis\/wp-json\/wp\/v2\/types\/post"}],"author":[{"embeddable":true,"href":"https:\/\/www.tribunanf.com.br\/blogdoralfereis\/wp-json\/wp\/v2\/users\/2"}],"replies":[{"embeddable":true,"href":"https:\/\/www.tribunanf.com.br\/blogdoralfereis\/wp-json\/wp\/v2\/comments?post=16971"}],"version-history":[{"count":1,"href":"https:\/\/www.tribunanf.com.br\/blogdoralfereis\/wp-json\/wp\/v2\/posts\/16971\/revisions"}],"predecessor-version":[{"id":16973,"href":"https:\/\/www.tribunanf.com.br\/blogdoralfereis\/wp-json\/wp\/v2\/posts\/16971\/revisions\/16973"}],"wp:featuredmedia":[{"embeddable":true,"href":"https:\/\/www.tribunanf.com.br\/blogdoralfereis\/wp-json\/wp\/v2\/media\/16972"}],"wp:attachment":[{"href":"https:\/\/www.tribunanf.com.br\/blogdoralfereis\/wp-json\/wp\/v2\/media?parent=16971"}],"wp:term":[{"taxonomy":"category","embeddable":true,"href":"https:\/\/www.tribunanf.com.br\/blogdoralfereis\/wp-json\/wp\/v2\/categories?post=16971"},{"taxonomy":"post_tag","embeddable":true,"href":"https:\/\/www.tribunanf.com.br\/blogdoralfereis\/wp-json\/wp\/v2\/tags?post=16971"}],"curies":[{"name":"wp","href":"https:\/\/api.w.org\/{rel}","templated":true}]}}