{"id":16969,"date":"2026-09-04T21:28:58","date_gmt":"2026-09-05T00:28:58","guid":{"rendered":"https:\/\/www.tribunanf.com.br\/blogdoralfereis\/?p=16969"},"modified":"2026-09-04T21:28:58","modified_gmt":"2026-09-05T00:28:58","slug":"sergio-cabral-e-mais-seis-reus-sao-condenados-por-regalias-na-prisao","status":"publish","type":"post","link":"https:\/\/www.tribunanf.com.br\/blogdoralfereis\/2026\/09\/04\/sergio-cabral-e-mais-seis-reus-sao-condenados-por-regalias-na-prisao\/","title":{"rendered":"S\u00e9rgio Cabral e mais seis r\u00e9us s\u00e3o condenados por regalias na pris\u00e3o"},"content":{"rendered":"<figure id=\"attachment_9765\" aria-describedby=\"caption-attachment-9765\" style=\"width: 800px\" class=\"wp-caption aligncenter\"><img decoding=\"async\" class=\"size-large wp-image-9765\" src=\"https:\/\/www.tribunanf.com.br\/wp-content\/uploads\/sites\/11\/2022\/07\/cabral_Easy-Resize.com_-1024x618.jpg\" alt=\"S\u00e9rgio Cabral, ex-governador do Rio de Janeiro\" width=\"800\" height=\"483\" srcset=\"https:\/\/www.tribunanf.com.br\/blogdoralfereis\/wp-content\/uploads\/sites\/11\/2022\/07\/cabral_Easy-Resize.com_-1024x618.jpg 1024w, https:\/\/www.tribunanf.com.br\/blogdoralfereis\/wp-content\/uploads\/sites\/11\/2022\/07\/cabral_Easy-Resize.com_-300x181.jpg 300w, https:\/\/www.tribunanf.com.br\/blogdoralfereis\/wp-content\/uploads\/sites\/11\/2022\/07\/cabral_Easy-Resize.com_-768x464.jpg 768w, https:\/\/www.tribunanf.com.br\/blogdoralfereis\/wp-content\/uploads\/sites\/11\/2022\/07\/cabral_Easy-Resize.com_.jpg 1280w\" sizes=\"(max-width: 800px) 100vw, 800px\" \/><figcaption id=\"caption-attachment-9765\" class=\"wp-caption-text\">S\u00e9rgio Cabral<\/figcaption><\/figure>\n<p style=\"text-align: justify;\">O ex-governador S\u00e9rgio Cabral foi condenado pelo Tribunal de Justi\u00e7a do Rio de Janeiro (TJRJ) por improbidade administrativa no esquema de regalias montado durante sua pris\u00e3o na Cadeia P\u00fablica Jos\u00e9 Frederico Marques, em Benfica, e na Penitenci\u00e1ria de Bangu VIII. Tamb\u00e9m foram condenados seis agentes p\u00fablicos, entre eles o ex-secret\u00e1rio de Administra\u00e7\u00e3o Penitenci\u00e1ria Erir Ribeiro.<\/p>\n<p style=\"text-align: justify;\">A decis\u00e3o \u00e9 da 4\u00aa C\u00e2mara de Direito P\u00fablico. Os desembargadores conclu\u00edram que houve uma estrutura montada dentro do sistema penitenci\u00e1rio para beneficiar Cabral. O esquema envolvia a entrada irregular de equipamentos, alimentos e outros objetos proibidos. Tamb\u00e9m inclu\u00eda visitas fora das regras e falhas deliberadas nos sistemas de controle.<\/p>\n<p style=\"text-align: justify;\">Um dos s\u00edmbolos do esquema foi a chamada \u201cvideoteca do Cabral\u201d, equipada com uma TV de 65 polegadas e aparelho de home theater. Para tentar dar apar\u00eancia de legalidade, foi criado um falso termo de doa\u00e7\u00e3o. A entidade religiosa apontada como doadora negou ter feito a doa\u00e7\u00e3o.<\/p>\n<p style=\"text-align: justify;\">A investiga\u00e7\u00e3o tamb\u00e9m apontou outros privil\u00e9gios. Cabral teria recebido colch\u00e3o diferenciado, alimentos proibidos, equipamentos de muscula\u00e7\u00e3o, eletrodom\u00e9sticos e acesso facilitado a visitas. Havia ainda falhas no registro de entradas e sa\u00eddas e problemas no sistema de c\u00e2meras.<\/p>\n<p style=\"text-align: justify;\">Para o relator, desembargador Caetano Ernesto da Fonseca Costa, n\u00e3o houve simples falha administrativa. Os envolvidos atuaram de forma consciente para esconder atos oficiais e dificultar a fiscaliza\u00e7\u00e3o. A conduta feriu a impessoalidade e a confian\u00e7a da sociedade no sistema prisional.<\/p>\n<p style=\"text-align: justify;\">Al\u00e9m de S\u00e9rgio Cabral, foram condenados o ex-secret\u00e1rio de Administra\u00e7\u00e3o Penitenci\u00e1ria Erir Ribeiro Costa Filho e tamb\u00e9m os agentes Alex de Lima Carvalho, Fabio Ferraz Sodr\u00e9, Sauler Antonio Sakalen, Fernando Lima de Farias e Nilton Cesar Vieira da Silva. Todos ocupavam cargos de gest\u00e3o na Secretaria de Administra\u00e7\u00e3o Penitenci\u00e1ria (Seap) ou nas unidades prisionais envolvidas.<\/p>\n<p style=\"text-align: justify;\">Cabral ter\u00e1 de pagar multa equivalente a 12 vezes sua \u00faltima remunera\u00e7\u00e3o como governador, al\u00e9m de R$ 1 milh\u00e3o por danos morais coletivos. Os outros seis condenados pagar\u00e3o multa correspondente a cinco vezes a \u00faltima remunera\u00e7\u00e3o em seus cargos e R$ 100 mil cada por danos morais coletivos. Os valores dos danos morais ser\u00e3o destinados ao Fundo de Defesa de Direitos Difusos.<\/p>\n","protected":false},"excerpt":{"rendered":"<p>O ex-governador S\u00e9rgio Cabral foi condenado pelo Tribunal de Justi\u00e7a do Rio de Janeiro (TJRJ) por improbidade administrativa no esquema&#8230;<\/p>\n","protected":false},"author":2,"featured_media":9765,"comment_status":"open","ping_status":"open","sticky":false,"template":"","format":"standard","meta":{"colormag_page_container_layout":"default_layout","colormag_page_sidebar_layout":"default_layout","_jetpack_newsletter_access":"","_jetpack_dont_email_post_to_subs":false,"_jetpack_newsletter_tier_id":0,"_jetpack_memberships_contains_paywalled_content":false,"_jetpack_feature_clip_id":0,"_jetpack_memberships_contains_paid_content":false,"footnotes":"","jetpack_post_was_ever_published":false},"categories":[2],"tags":[],"class_list":["post-16969","post","type-post","status-publish","format-standard","has-post-thumbnail","hentry","category-politica"],"jetpack_sharing_enabled":true,"jetpack-related-posts":[],"jetpack_featured_media_url":"https:\/\/www.tribunanf.com.br\/blogdoralfereis\/wp-content\/uploads\/sites\/11\/2022\/07\/cabral_Easy-Resize.com_.jpg","_links":{"self":[{"href":"https:\/\/www.tribunanf.com.br\/blogdoralfereis\/wp-json\/wp\/v2\/posts\/16969","targetHints":{"allow":["GET"]}}],"collection":[{"href":"https:\/\/www.tribunanf.com.br\/blogdoralfereis\/wp-json\/wp\/v2\/posts"}],"about":[{"href":"https:\/\/www.tribunanf.com.br\/blogdoralfereis\/wp-json\/wp\/v2\/types\/post"}],"author":[{"embeddable":true,"href":"https:\/\/www.tribunanf.com.br\/blogdoralfereis\/wp-json\/wp\/v2\/users\/2"}],"replies":[{"embeddable":true,"href":"https:\/\/www.tribunanf.com.br\/blogdoralfereis\/wp-json\/wp\/v2\/comments?post=16969"}],"version-history":[{"count":1,"href":"https:\/\/www.tribunanf.com.br\/blogdoralfereis\/wp-json\/wp\/v2\/posts\/16969\/revisions"}],"predecessor-version":[{"id":16970,"href":"https:\/\/www.tribunanf.com.br\/blogdoralfereis\/wp-json\/wp\/v2\/posts\/16969\/revisions\/16970"}],"wp:featuredmedia":[{"embeddable":true,"href":"https:\/\/www.tribunanf.com.br\/blogdoralfereis\/wp-json\/wp\/v2\/media\/9765"}],"wp:attachment":[{"href":"https:\/\/www.tribunanf.com.br\/blogdoralfereis\/wp-json\/wp\/v2\/media?parent=16969"}],"wp:term":[{"taxonomy":"category","embeddable":true,"href":"https:\/\/www.tribunanf.com.br\/blogdoralfereis\/wp-json\/wp\/v2\/categories?post=16969"},{"taxonomy":"post_tag","embeddable":true,"href":"https:\/\/www.tribunanf.com.br\/blogdoralfereis\/wp-json\/wp\/v2\/tags?post=16969"}],"curies":[{"name":"wp","href":"https:\/\/api.w.org\/{rel}","templated":true}]}}