{"id":16957,"date":"2026-09-03T21:09:42","date_gmt":"2026-09-04T00:09:42","guid":{"rendered":"https:\/\/www.tribunanf.com.br\/blogdoralfereis\/?p=16957"},"modified":"2026-09-03T21:09:42","modified_gmt":"2026-09-04T00:09:42","slug":"fachin-da-5-dias-para-moraes-e-mendonca-se-manifestarem-veja-despacho","status":"publish","type":"post","link":"https:\/\/www.tribunanf.com.br\/blogdoralfereis\/2026\/09\/03\/fachin-da-5-dias-para-moraes-e-mendonca-se-manifestarem-veja-despacho\/","title":{"rendered":"Fachin d\u00e1 5 dias para Moraes e Mendon\u00e7a se manifestarem; veja despacho"},"content":{"rendered":"<figure id=\"attachment_16960\" aria-describedby=\"caption-attachment-16960\" style=\"width: 800px\" class=\"wp-caption aligncenter\"><img decoding=\"async\" class=\"size-large wp-image-16960\" src=\"https:\/\/www.tribunanf.com.br\/wp-content\/uploads\/sites\/11\/2026\/09\/Edson-Fachin_Easy-Resize.com_-1024x670.jpg\" alt=\"Edson Fachin\" width=\"800\" height=\"523\" srcset=\"https:\/\/www.tribunanf.com.br\/blogdoralfereis\/wp-content\/uploads\/sites\/11\/2026\/09\/Edson-Fachin_Easy-Resize.com_-1024x670.jpg 1024w, https:\/\/www.tribunanf.com.br\/blogdoralfereis\/wp-content\/uploads\/sites\/11\/2026\/09\/Edson-Fachin_Easy-Resize.com_-300x196.jpg 300w, https:\/\/www.tribunanf.com.br\/blogdoralfereis\/wp-content\/uploads\/sites\/11\/2026\/09\/Edson-Fachin_Easy-Resize.com_-768x503.jpg 768w, https:\/\/www.tribunanf.com.br\/blogdoralfereis\/wp-content\/uploads\/sites\/11\/2026\/09\/Edson-Fachin_Easy-Resize.com_.jpg 1280w\" sizes=\"(max-width: 800px) 100vw, 800px\" \/><figcaption id=\"caption-attachment-16960\" class=\"wp-caption-text\">Presidente do STF, ministro Edson Fachin<\/figcaption><\/figure>\n<p style=\"text-align: justify;\">O presidente do Supremo Tribunal Federal, ministro Edson Fachin, determinou nesta 5\u00aa feira (3.set.2026) que os ministros Andr\u00e9 Mendon\u00e7a e Alexandre de Moraes se expliquem em 5 dias sobre investiga\u00e7\u00f5es relacionadas ao Banco Master.<\/p>\n<p style=\"text-align: justify;\">Tamb\u00e9m dever\u00e3o se manifestar o procurador-geral da Rep\u00fablica, Paulo Gonet, e o diretor-geral da Pol\u00edcia Federal, Andrei Rodrigues.<\/p>\n<p style=\"text-align: justify;\">Fachin abriu o procedimento depois de a PGR (Procuradoria Geral da Rep\u00fablica) pedir a extin\u00e7\u00e3o da Peti\u00e7\u00e3o 16.662, que re\u00fane informa\u00e7\u00f5es da Pol\u00edcia Federal sobre autoridades citadas na investiga\u00e7\u00e3o do Master.<\/p>\n<p style=\"text-align: justify;\">Confira o despacho:<\/p>\n<p><img decoding=\"async\" class=\"aligncenter size-large wp-image-16958\" src=\"https:\/\/www.tribunanf.com.br\/wp-content\/uploads\/sites\/11\/2026\/09\/downloadPeca_page-0001-725x1024.jpg\" alt=\"\" width=\"725\" height=\"1024\" srcset=\"https:\/\/www.tribunanf.com.br\/blogdoralfereis\/wp-content\/uploads\/sites\/11\/2026\/09\/downloadPeca_page-0001-725x1024.jpg 725w, https:\/\/www.tribunanf.com.br\/blogdoralfereis\/wp-content\/uploads\/sites\/11\/2026\/09\/downloadPeca_page-0001-212x300.jpg 212w, https:\/\/www.tribunanf.com.br\/blogdoralfereis\/wp-content\/uploads\/sites\/11\/2026\/09\/downloadPeca_page-0001-768x1085.jpg 768w, https:\/\/www.tribunanf.com.br\/blogdoralfereis\/wp-content\/uploads\/sites\/11\/2026\/09\/downloadPeca_page-0001-1087x1536.jpg 1087w, https:\/\/www.tribunanf.com.br\/blogdoralfereis\/wp-content\/uploads\/sites\/11\/2026\/09\/downloadPeca_page-0001.jpg 1241w\" sizes=\"(max-width: 725px) 100vw, 725px\" \/> <img decoding=\"async\" class=\"aligncenter size-large wp-image-16959\" src=\"https:\/\/www.tribunanf.com.br\/wp-content\/uploads\/sites\/11\/2026\/09\/downloadPeca_page-0002-725x1024.jpg\" alt=\"\" width=\"725\" height=\"1024\" srcset=\"https:\/\/www.tribunanf.com.br\/blogdoralfereis\/wp-content\/uploads\/sites\/11\/2026\/09\/downloadPeca_page-0002-725x1024.jpg 725w, https:\/\/www.tribunanf.com.br\/blogdoralfereis\/wp-content\/uploads\/sites\/11\/2026\/09\/downloadPeca_page-0002-212x300.jpg 212w, https:\/\/www.tribunanf.com.br\/blogdoralfereis\/wp-content\/uploads\/sites\/11\/2026\/09\/downloadPeca_page-0002-768x1085.jpg 768w, https:\/\/www.tribunanf.com.br\/blogdoralfereis\/wp-content\/uploads\/sites\/11\/2026\/09\/downloadPeca_page-0002-1087x1536.jpg 1087w, https:\/\/www.tribunanf.com.br\/blogdoralfereis\/wp-content\/uploads\/sites\/11\/2026\/09\/downloadPeca_page-0002.jpg 1241w\" sizes=\"(max-width: 725px) 100vw, 725px\" \/><\/p>\n","protected":false},"excerpt":{"rendered":"<p>O presidente do Supremo Tribunal Federal, ministro Edson Fachin, determinou nesta 5\u00aa feira (3.set.2026) que os ministros Andr\u00e9 Mendon\u00e7a e&#8230;<\/p>\n","protected":false},"author":2,"featured_media":16960,"comment_status":"open","ping_status":"open","sticky":false,"template":"","format":"standard","meta":{"colormag_page_container_layout":"default_layout","colormag_page_sidebar_layout":"default_layout","_jetpack_newsletter_access":"","_jetpack_dont_email_post_to_subs":false,"_jetpack_newsletter_tier_id":0,"_jetpack_memberships_contains_paywalled_content":false,"_jetpack_feature_clip_id":0,"_jetpack_memberships_contains_paid_content":false,"footnotes":"","jetpack_post_was_ever_published":false},"categories":[66],"tags":[],"class_list":["post-16957","post","type-post","status-publish","format-standard","has-post-thumbnail","hentry","category-poder"],"jetpack_sharing_enabled":true,"jetpack-related-posts":[],"jetpack_featured_media_url":"https:\/\/www.tribunanf.com.br\/blogdoralfereis\/wp-content\/uploads\/sites\/11\/2026\/09\/Edson-Fachin_Easy-Resize.com_.jpg","_links":{"self":[{"href":"https:\/\/www.tribunanf.com.br\/blogdoralfereis\/wp-json\/wp\/v2\/posts\/16957","targetHints":{"allow":["GET"]}}],"collection":[{"href":"https:\/\/www.tribunanf.com.br\/blogdoralfereis\/wp-json\/wp\/v2\/posts"}],"about":[{"href":"https:\/\/www.tribunanf.com.br\/blogdoralfereis\/wp-json\/wp\/v2\/types\/post"}],"author":[{"embeddable":true,"href":"https:\/\/www.tribunanf.com.br\/blogdoralfereis\/wp-json\/wp\/v2\/users\/2"}],"replies":[{"embeddable":true,"href":"https:\/\/www.tribunanf.com.br\/blogdoralfereis\/wp-json\/wp\/v2\/comments?post=16957"}],"version-history":[{"count":2,"href":"https:\/\/www.tribunanf.com.br\/blogdoralfereis\/wp-json\/wp\/v2\/posts\/16957\/revisions"}],"predecessor-version":[{"id":16962,"href":"https:\/\/www.tribunanf.com.br\/blogdoralfereis\/wp-json\/wp\/v2\/posts\/16957\/revisions\/16962"}],"wp:featuredmedia":[{"embeddable":true,"href":"https:\/\/www.tribunanf.com.br\/blogdoralfereis\/wp-json\/wp\/v2\/media\/16960"}],"wp:attachment":[{"href":"https:\/\/www.tribunanf.com.br\/blogdoralfereis\/wp-json\/wp\/v2\/media?parent=16957"}],"wp:term":[{"taxonomy":"category","embeddable":true,"href":"https:\/\/www.tribunanf.com.br\/blogdoralfereis\/wp-json\/wp\/v2\/categories?post=16957"},{"taxonomy":"post_tag","embeddable":true,"href":"https:\/\/www.tribunanf.com.br\/blogdoralfereis\/wp-json\/wp\/v2\/tags?post=16957"}],"curies":[{"name":"wp","href":"https:\/\/api.w.org\/{rel}","templated":true}]}}