{"id":16954,"date":"2026-09-03T18:18:29","date_gmt":"2026-09-03T21:18:29","guid":{"rendered":"https:\/\/www.tribunanf.com.br\/blogdoralfereis\/?p=16954"},"modified":"2026-09-03T18:18:29","modified_gmt":"2026-09-03T21:18:29","slug":"confira-a-integra-da-decisao-que-mostra-claudio-castro-operando-a-favor-de-ricardo-magro-da-refit","status":"publish","type":"post","link":"https:\/\/www.tribunanf.com.br\/blogdoralfereis\/2026\/09\/03\/confira-a-integra-da-decisao-que-mostra-claudio-castro-operando-a-favor-de-ricardo-magro-da-refit\/","title":{"rendered":"Confira a \u00edntegra da decis\u00e3o que mostra Cl\u00e1udio Castro operando a favor de Ricardo Magro, da Refit"},"content":{"rendered":"<figure id=\"attachment_16199\" aria-describedby=\"caption-attachment-16199\" style=\"width: 800px\" class=\"wp-caption aligncenter\"><img decoding=\"async\" class=\"size-large wp-image-16199\" src=\"https:\/\/www.tribunanf.com.br\/wp-content\/uploads\/sites\/11\/2026\/05\/castro_Easy-Resize.com-6-1024x613.jpg\" alt=\"Claudio Castro\" width=\"800\" height=\"479\" srcset=\"https:\/\/www.tribunanf.com.br\/blogdoralfereis\/wp-content\/uploads\/sites\/11\/2026\/05\/castro_Easy-Resize.com-6-1024x613.jpg 1024w, https:\/\/www.tribunanf.com.br\/blogdoralfereis\/wp-content\/uploads\/sites\/11\/2026\/05\/castro_Easy-Resize.com-6-300x180.jpg 300w, https:\/\/www.tribunanf.com.br\/blogdoralfereis\/wp-content\/uploads\/sites\/11\/2026\/05\/castro_Easy-Resize.com-6-768x460.jpg 768w, https:\/\/www.tribunanf.com.br\/blogdoralfereis\/wp-content\/uploads\/sites\/11\/2026\/05\/castro_Easy-Resize.com-6.jpg 1280w\" sizes=\"(max-width: 800px) 100vw, 800px\" \/><figcaption id=\"caption-attachment-16199\" class=\"wp-caption-text\">Cl\u00e1udio Castro, ex-governador do Rio de Janeiro<\/figcaption><\/figure>\n<p style=\"text-align: justify;\">O ministro do Supremo Tribunal Federal, Alexandre de Moraes,<a href=\"https:\/\/www.tribunanf.com.br\/esquema-ligado-a-refit-custeou-caviar-mansao-na-serra-e-cobertura-para-claudio-castro-diz-pf\/\" target=\"_blank\" rel=\"noopener\"> retirou nesta quinta-feira (3) o sigilo da decis\u00e3o que determinou a Opera\u00e7\u00e3o Sem Refino 2<\/a> contra o ex-governador Cl\u00e1udio Castro, o grupo Refit, de Ricardo Magro, e outros ex-integrantes do governo estadual.<\/p>\n<p style=\"text-align: justify;\">Na decis\u00e3o, o ministro aponta as mensagens extra\u00eddas do celular de Castro, onde o ex-governador operava pessoalmente dentro do governo a favor da Refinaria de Manguinhos\/ Refit, do empres\u00e1rio Ricardo Magro.<\/p>\n<p style=\"text-align: justify;\">As mensagens analisadas pelo blog tamb\u00e9m demonstram a rela\u00e7\u00e3o de amizade entre Castro e Ricardo Magro, onde empres\u00e1rio \u00e9 apontado pela PF como o <strong>cicerone<\/strong> de um evento em Nova York.<\/p>\n<p style=\"text-align: justify;\">\u201c<em>Todavia, conforme se verifica no bojo da IPJ n. 2345633\/2026, oriunda da an\u00e1lise do iPhone 17 Pro Max azul apreendido sob a posse de CASTRO, confirma-se, em troca de mensagens realizada logo ap\u00f3s a viagem, que MAGRO era o cicerone do evento, bem como a rela\u00e7\u00e3o de amizade entre ambos, salientada pelo ent\u00e3o Governador\u201d<\/em>, aponta \u00e0 PF.<\/p>\n<p style=\"text-align: justify;\">Confira a \u00edntegra: <a href=\"https:\/\/drive.google.com\/file\/d\/1jOwp6IRgOtnIK_UuZaXmTvUsSOgFy4dm\/view?usp=sharing\" target=\"_blank\" rel=\"noopener\">Decis\u00e3o Opera\u00e7\u00e3o Sem Refino 2 contra Claudio Castro e Refit<\/a><\/p>\n","protected":false},"excerpt":{"rendered":"<p>O ministro do Supremo Tribunal Federal, Alexandre de Moraes, retirou nesta quinta-feira (3) o sigilo da decis\u00e3o que determinou a&#8230;<\/p>\n","protected":false},"author":2,"featured_media":16199,"comment_status":"open","ping_status":"open","sticky":false,"template":"","format":"standard","meta":{"colormag_page_container_layout":"default_layout","colormag_page_sidebar_layout":"default_layout","_jetpack_newsletter_access":"","_jetpack_dont_email_post_to_subs":false,"_jetpack_newsletter_tier_id":0,"_jetpack_memberships_contains_paywalled_content":false,"_jetpack_feature_clip_id":0,"_jetpack_memberships_contains_paid_content":false,"footnotes":"","jetpack_post_was_ever_published":false},"categories":[2],"tags":[],"class_list":["post-16954","post","type-post","status-publish","format-standard","has-post-thumbnail","hentry","category-politica"],"jetpack_sharing_enabled":true,"jetpack-related-posts":[],"jetpack_featured_media_url":"https:\/\/www.tribunanf.com.br\/blogdoralfereis\/wp-content\/uploads\/sites\/11\/2026\/05\/castro_Easy-Resize.com-6.jpg","_links":{"self":[{"href":"https:\/\/www.tribunanf.com.br\/blogdoralfereis\/wp-json\/wp\/v2\/posts\/16954","targetHints":{"allow":["GET"]}}],"collection":[{"href":"https:\/\/www.tribunanf.com.br\/blogdoralfereis\/wp-json\/wp\/v2\/posts"}],"about":[{"href":"https:\/\/www.tribunanf.com.br\/blogdoralfereis\/wp-json\/wp\/v2\/types\/post"}],"author":[{"embeddable":true,"href":"https:\/\/www.tribunanf.com.br\/blogdoralfereis\/wp-json\/wp\/v2\/users\/2"}],"replies":[{"embeddable":true,"href":"https:\/\/www.tribunanf.com.br\/blogdoralfereis\/wp-json\/wp\/v2\/comments?post=16954"}],"version-history":[{"count":1,"href":"https:\/\/www.tribunanf.com.br\/blogdoralfereis\/wp-json\/wp\/v2\/posts\/16954\/revisions"}],"predecessor-version":[{"id":16956,"href":"https:\/\/www.tribunanf.com.br\/blogdoralfereis\/wp-json\/wp\/v2\/posts\/16954\/revisions\/16956"}],"wp:featuredmedia":[{"embeddable":true,"href":"https:\/\/www.tribunanf.com.br\/blogdoralfereis\/wp-json\/wp\/v2\/media\/16199"}],"wp:attachment":[{"href":"https:\/\/www.tribunanf.com.br\/blogdoralfereis\/wp-json\/wp\/v2\/media?parent=16954"}],"wp:term":[{"taxonomy":"category","embeddable":true,"href":"https:\/\/www.tribunanf.com.br\/blogdoralfereis\/wp-json\/wp\/v2\/categories?post=16954"},{"taxonomy":"post_tag","embeddable":true,"href":"https:\/\/www.tribunanf.com.br\/blogdoralfereis\/wp-json\/wp\/v2\/tags?post=16954"}],"curies":[{"name":"wp","href":"https:\/\/api.w.org\/{rel}","templated":true}]}}