{"id":16947,"date":"2026-09-02T20:00:03","date_gmt":"2026-09-02T23:00:03","guid":{"rendered":"https:\/\/www.tribunanf.com.br\/blogdoralfereis\/?p=16947"},"modified":"2026-09-02T20:00:03","modified_gmt":"2026-09-02T23:00:03","slug":"possivel-segundo-turno-no-rio-e-os-erros-de-estrategia-de-paes","status":"publish","type":"post","link":"https:\/\/www.tribunanf.com.br\/blogdoralfereis\/2026\/09\/02\/possivel-segundo-turno-no-rio-e-os-erros-de-estrategia-de-paes\/","title":{"rendered":"Poss\u00edvel segundo turno no Rio e os erros de estrat\u00e9gia de Paes"},"content":{"rendered":"<figure id=\"attachment_16930\" aria-describedby=\"caption-attachment-16930\" style=\"width: 1024px\" class=\"wp-caption aligncenter\"><img decoding=\"async\" class=\"size-full wp-image-16930\" src=\"https:\/\/www.tribunanf.com.br\/wp-content\/uploads\/sites\/11\/2026\/08\/Garotinho-e-Eduardo-Paes_Easy-Resize.com_-1024x614.jpg.webp\" alt=\"Eduardo Paes e Garotinho\" width=\"1024\" height=\"614\" srcset=\"https:\/\/www.tribunanf.com.br\/blogdoralfereis\/wp-content\/uploads\/sites\/11\/2026\/08\/Garotinho-e-Eduardo-Paes_Easy-Resize.com_-1024x614.jpg.webp 1024w, https:\/\/www.tribunanf.com.br\/blogdoralfereis\/wp-content\/uploads\/sites\/11\/2026\/08\/Garotinho-e-Eduardo-Paes_Easy-Resize.com_-1024x614.jpg-300x180.webp 300w, https:\/\/www.tribunanf.com.br\/blogdoralfereis\/wp-content\/uploads\/sites\/11\/2026\/08\/Garotinho-e-Eduardo-Paes_Easy-Resize.com_-1024x614.jpg-768x461.webp 768w\" sizes=\"(max-width: 1024px) 100vw, 1024px\" \/><figcaption id=\"caption-attachment-16930\" class=\"wp-caption-text\">Elei\u00e7\u00f5es 2026: Eduardo Paes e Garotinho<\/figcaption><\/figure>\n<p style=\"text-align: justify;\">As \u00faltimas pesquisas eleitorais j\u00e1 come\u00e7am a colocar no horizonte um segundo turno na disputa pelo <strong>Governo do Rio de Janeiro.<\/strong><\/p>\n<p style=\"text-align: justify;\">A proje\u00e7\u00e3o, reafirmada pela pesquisa Real Time Big Data divulgada nesta quarta-feira (2), deixa Eduardo Paes cada vez mais distante do sonho de liquidar a elei\u00e7\u00e3o no primeiro turno.<\/p>\n<p style=\"text-align: justify;\">E isso pode representar um problema para Paes, que parece repetir erros estrat\u00e9gicos semelhantes aos cometidos na elei\u00e7\u00e3o de 2018, quando foi derrotado de forma acachapante, sofrendo uma virada ainda no primeiro turno.<\/p>\n<p style=\"text-align: justify;\">O principal erro que Eduardo Paes repete \u00e9 justamente aquele que ele pr\u00f3prio admitiu em entrevista: <strong>tentar atrapalhar Garotinho<\/strong>.\u00a0E nesse caso, no tapet\u00e3o.<\/p>\n<p style=\"text-align: justify;\">Naquela elei\u00e7\u00e3o, Anthony Garotinho foi impedido de concorrer na reta final da disputa.<\/p>\n<p style=\"text-align: justify;\">Em 2026, entretanto, <strong>Garotinho pode concorrer normalmente.<\/strong> Ainda assim, Eduardo Paes entrou com pedido de impugna\u00e7\u00e3o contra o ex-governador, numa tentativa de tir\u00e1-lo da elei\u00e7\u00e3o.<\/p>\n<p style=\"text-align: justify;\">E com o massacre midi\u00e1tico dos grandes ve\u00edculos de comunica\u00e7\u00e3o, para validar uma narrativa falsa sobre inelegibilidade. Al\u00e9m da ajuda de outros setores.<\/p>\n<p style=\"text-align: justify;\">Paes chegou a conseguir, por cerca de 24 horas, interromper a campanha de Garotinho, depois que o TRE-RJ acolheu seu pedido para proibir o ex-governador de fazer propaganda na televis\u00e3o e participar dos debates.<\/p>\n<p style=\"text-align: justify;\">A <a href=\"https:\/\/www.tribunanf.com.br\/tse-derruba-decisao-do-tre-rj-e-devolve-a-garotinho-acesso-a-fundo-eleitoral-propaganda-de-tv-e-participacao-em-debates\/\" target=\"_blank\" rel=\"noopener\">decis\u00e3o, por\u00e9m, foi revertida pelo Tribunal Superior Eleitoral, que restabeleceu a campanha de Garotinho e imp\u00f4s uma derrota jur\u00eddica para Paes.<\/a><\/p>\n<p style=\"text-align: justify;\">E nesta quarta-feira (2), a <a href=\"https:\/\/www.tribunanf.com.br\/procuradoria-geral-eleitoral-emite-parecer-favoravel-a-campanha-de-garotinho-e-impoe-nova-derrota-a-eduardo-paes\/\" target=\"_blank\" rel=\"noopener\">Procuradoria-Geral Eleitoral emite parecer favor\u00e1vel \u00e0 campanha de Garotinho e impomdo nova derrota a Eduardo Paes<\/a><\/p>\n<p style=\"text-align: justify;\">Ao insistir na ofensiva contra Garotinho, Eduardo Paes at\u00e9 conseguiu, temporariamente, frear o crescimento do ex-governador. Mas a estrat\u00e9gia tamb\u00e9m produziu um efeito colateral que pode ser perigoso para sua pr\u00f3pria campanha: <strong>a rejei\u00e7\u00e3o a Paes disparou<\/strong>.<\/p>\n<p style=\"text-align: justify;\">Segundo as \u00faltimas pesquisas Quaest e Real Time Big Data, a rejei\u00e7\u00e3o de Eduardo Paes j\u00e1 ultrapassa os 40%.<\/p>\n<p style=\"text-align: justify;\">Nas redes sociais, tamb\u00e9m \u00e9 percept\u00edvel que a ofensiva de Paes contra Garotinho n\u00e3o foi bem recebida por milhares de eleitores \u2014 inclusive por pessoas que n\u00e3o pretendiam votar no ex-governador.<\/p>\n<p style=\"text-align: justify;\">Ao tentar impedir, por exemplo, a participa\u00e7\u00e3o de Garotinho nos debates, Paes acabou criando uma imagem negativa para sua pr\u00f3pria campanha. A estrat\u00e9gia de tentar retirar um advers\u00e1rio da disputa pode ter produzido exatamente o efeito contr\u00e1rio ao desejado.<\/p>\n<p style=\"text-align: justify;\">Outro efeito da movimenta\u00e7\u00e3o foi o crescimento de Douglas Ruas nas pesquisas. O candidato aparece em ascens\u00e3o e, neste momento, apresenta uma rejei\u00e7\u00e3o significativamente menor que a de Paes.<\/p>\n<p style=\"text-align: justify;\">A elei\u00e7\u00e3o de 2026 tamb\u00e9m come\u00e7a a guardar semelhan\u00e7as com a de 2018, especialmente pela forte nacionaliza\u00e7\u00e3o da disputa estadual. A polariza\u00e7\u00e3o pol\u00edtica nacional tende a exercer cada vez mais influ\u00eancia sobre a corrida pelo Pal\u00e1cio Guanabara.<\/p>\n<p style=\"text-align: justify;\">A diferen\u00e7a \u00e9 que, desta vez, <strong>Garotinho est\u00e1 no jogo.<\/strong><\/p>\n<p style=\"text-align: justify;\">E, se as pesquisas continuarem apontando para um cen\u00e1rio de segundo turno, a estrat\u00e9gia de Paes de concentrar fogo no ex-governador poder\u00e1 ter contribu\u00eddo para transformar um advers\u00e1rio em um problema ainda maior.<\/p>\n<p style=\"text-align: justify;\">Ainda faltam 30 dias para o primeiro turno. At\u00e9 l\u00e1, muita coisa pode acontecer \u2014 e a elei\u00e7\u00e3o do Rio est\u00e1 longe de estar decidida.<\/p>\n","protected":false},"excerpt":{"rendered":"<p>As \u00faltimas pesquisas eleitorais j\u00e1 come\u00e7am a colocar no horizonte um segundo turno na disputa pelo Governo do Rio de&#8230;<\/p>\n","protected":false},"author":2,"featured_media":16930,"comment_status":"open","ping_status":"open","sticky":false,"template":"","format":"standard","meta":{"colormag_page_container_layout":"default_layout","colormag_page_sidebar_layout":"default_layout","_jetpack_newsletter_access":"","_jetpack_dont_email_post_to_subs":false,"_jetpack_newsletter_tier_id":0,"_jetpack_memberships_contains_paywalled_content":false,"_jetpack_feature_clip_id":0,"_jetpack_memberships_contains_paid_content":false,"footnotes":"","jetpack_post_was_ever_published":false},"categories":[2],"tags":[],"class_list":["post-16947","post","type-post","status-publish","format-standard","has-post-thumbnail","hentry","category-politica"],"jetpack_sharing_enabled":true,"jetpack-related-posts":[],"jetpack_featured_media_url":"https:\/\/www.tribunanf.com.br\/blogdoralfereis\/wp-content\/uploads\/sites\/11\/2026\/08\/Garotinho-e-Eduardo-Paes_Easy-Resize.com_-1024x614.jpg.webp","_links":{"self":[{"href":"https:\/\/www.tribunanf.com.br\/blogdoralfereis\/wp-json\/wp\/v2\/posts\/16947","targetHints":{"allow":["GET"]}}],"collection":[{"href":"https:\/\/www.tribunanf.com.br\/blogdoralfereis\/wp-json\/wp\/v2\/posts"}],"about":[{"href":"https:\/\/www.tribunanf.com.br\/blogdoralfereis\/wp-json\/wp\/v2\/types\/post"}],"author":[{"embeddable":true,"href":"https:\/\/www.tribunanf.com.br\/blogdoralfereis\/wp-json\/wp\/v2\/users\/2"}],"replies":[{"embeddable":true,"href":"https:\/\/www.tribunanf.com.br\/blogdoralfereis\/wp-json\/wp\/v2\/comments?post=16947"}],"version-history":[{"count":1,"href":"https:\/\/www.tribunanf.com.br\/blogdoralfereis\/wp-json\/wp\/v2\/posts\/16947\/revisions"}],"predecessor-version":[{"id":16948,"href":"https:\/\/www.tribunanf.com.br\/blogdoralfereis\/wp-json\/wp\/v2\/posts\/16947\/revisions\/16948"}],"wp:featuredmedia":[{"embeddable":true,"href":"https:\/\/www.tribunanf.com.br\/blogdoralfereis\/wp-json\/wp\/v2\/media\/16930"}],"wp:attachment":[{"href":"https:\/\/www.tribunanf.com.br\/blogdoralfereis\/wp-json\/wp\/v2\/media?parent=16947"}],"wp:term":[{"taxonomy":"category","embeddable":true,"href":"https:\/\/www.tribunanf.com.br\/blogdoralfereis\/wp-json\/wp\/v2\/categories?post=16947"},{"taxonomy":"post_tag","embeddable":true,"href":"https:\/\/www.tribunanf.com.br\/blogdoralfereis\/wp-json\/wp\/v2\/tags?post=16947"}],"curies":[{"name":"wp","href":"https:\/\/api.w.org\/{rel}","templated":true}]}}