{"id":16944,"date":"2026-09-02T08:28:28","date_gmt":"2026-09-02T11:28:28","guid":{"rendered":"https:\/\/www.tribunanf.com.br\/blogdoralfereis\/?p=16944"},"modified":"2026-09-02T08:28:28","modified_gmt":"2026-09-02T11:28:28","slug":"confira-a-integra-do-relatorio-da-pf-sobre-o-celular-de-vorcaro-que-cita-moraes-gonet-e-andrei","status":"publish","type":"post","link":"https:\/\/www.tribunanf.com.br\/blogdoralfereis\/2026\/09\/02\/confira-a-integra-do-relatorio-da-pf-sobre-o-celular-de-vorcaro-que-cita-moraes-gonet-e-andrei\/","title":{"rendered":"Confira a \u00edntegra do relat\u00f3rio da PF sobre o celular de Vorcaro que cita Moraes, Gonet e Andrei"},"content":{"rendered":"<figure id=\"attachment_16709\" aria-describedby=\"caption-attachment-16709\" style=\"width: 800px\" class=\"wp-caption aligncenter\"><img decoding=\"async\" class=\"size-full wp-image-16709\" src=\"https:\/\/www.tribunanf.com.br\/wp-content\/uploads\/sites\/11\/2026\/08\/alexandre-de-moraes.jpg\" alt=\"Ministro Alexandre de Moraes - STF\" width=\"800\" height=\"533\" srcset=\"https:\/\/www.tribunanf.com.br\/blogdoralfereis\/wp-content\/uploads\/sites\/11\/2026\/08\/alexandre-de-moraes.jpg 800w, https:\/\/www.tribunanf.com.br\/blogdoralfereis\/wp-content\/uploads\/sites\/11\/2026\/08\/alexandre-de-moraes-300x200.jpg 300w, https:\/\/www.tribunanf.com.br\/blogdoralfereis\/wp-content\/uploads\/sites\/11\/2026\/08\/alexandre-de-moraes-768x512.jpg 768w\" sizes=\"(max-width: 800px) 100vw, 800px\" \/><figcaption id=\"caption-attachment-16709\" class=\"wp-caption-text\">Ministro Alexandre de Moraes &#8211; STF<\/figcaption><\/figure>\n<p style=\"text-align: justify;\">O relat\u00f3rio da Pol\u00edcia Federal que revelou mensagens e registros envolvendo Daniel Vorcaro e o ministro Alexandre de Moraes, do Supremo Tribunal Federal, n\u00e3o encerra a an\u00e1lise do material apreendido com o fundador do Banco Master.<\/p>\n<p style=\"text-align: justify;\">A pr\u00f3pria corpora\u00e7\u00e3o afirma que o documento de 218 p\u00e1ginas, entregue ao ministro do Supremo Andr\u00e9 Mendon\u00e7a em 27 de agosto, \u201cn\u00e3o possui car\u00e1ter exaustivo\u201d. O trabalho foi realizado em 72 horas e teve como objeto 1 celular de Vorcaro apreendido quando o banqueiro foi preso na opera\u00e7\u00e3o Compliance Zero.<\/p>\n<p style=\"text-align: justify;\">Confira a \u00edntegra do relat\u00f3rio da Pol\u00edcia Federal: <a href=\"https:\/\/drive.google.com\/file\/d\/1ODkKF_7i32eAvJ4SBBC1CEmxeEFlK0rg\/view?usp=sharing\" target=\"_blank\" rel=\"noopener\">Relat\u00f3rio da PF celular de Vocaro cita Moraes, Gonet e Andrei<\/a><\/p>\n","protected":false},"excerpt":{"rendered":"<p>O relat\u00f3rio da Pol\u00edcia Federal que revelou mensagens e registros envolvendo Daniel Vorcaro e o ministro Alexandre de Moraes, do&#8230;<\/p>\n","protected":false},"author":2,"featured_media":16709,"comment_status":"open","ping_status":"open","sticky":false,"template":"","format":"standard","meta":{"colormag_page_container_layout":"default_layout","colormag_page_sidebar_layout":"default_layout","_jetpack_newsletter_access":"","_jetpack_dont_email_post_to_subs":false,"_jetpack_newsletter_tier_id":0,"_jetpack_memberships_contains_paywalled_content":false,"_jetpack_feature_clip_id":0,"_jetpack_memberships_contains_paid_content":false,"footnotes":"","jetpack_post_was_ever_published":false},"categories":[66],"tags":[],"class_list":["post-16944","post","type-post","status-publish","format-standard","has-post-thumbnail","hentry","category-poder"],"jetpack_sharing_enabled":true,"jetpack-related-posts":[],"jetpack_featured_media_url":"https:\/\/www.tribunanf.com.br\/blogdoralfereis\/wp-content\/uploads\/sites\/11\/2026\/08\/alexandre-de-moraes.jpg","_links":{"self":[{"href":"https:\/\/www.tribunanf.com.br\/blogdoralfereis\/wp-json\/wp\/v2\/posts\/16944","targetHints":{"allow":["GET"]}}],"collection":[{"href":"https:\/\/www.tribunanf.com.br\/blogdoralfereis\/wp-json\/wp\/v2\/posts"}],"about":[{"href":"https:\/\/www.tribunanf.com.br\/blogdoralfereis\/wp-json\/wp\/v2\/types\/post"}],"author":[{"embeddable":true,"href":"https:\/\/www.tribunanf.com.br\/blogdoralfereis\/wp-json\/wp\/v2\/users\/2"}],"replies":[{"embeddable":true,"href":"https:\/\/www.tribunanf.com.br\/blogdoralfereis\/wp-json\/wp\/v2\/comments?post=16944"}],"version-history":[{"count":1,"href":"https:\/\/www.tribunanf.com.br\/blogdoralfereis\/wp-json\/wp\/v2\/posts\/16944\/revisions"}],"predecessor-version":[{"id":16945,"href":"https:\/\/www.tribunanf.com.br\/blogdoralfereis\/wp-json\/wp\/v2\/posts\/16944\/revisions\/16945"}],"wp:featuredmedia":[{"embeddable":true,"href":"https:\/\/www.tribunanf.com.br\/blogdoralfereis\/wp-json\/wp\/v2\/media\/16709"}],"wp:attachment":[{"href":"https:\/\/www.tribunanf.com.br\/blogdoralfereis\/wp-json\/wp\/v2\/media?parent=16944"}],"wp:term":[{"taxonomy":"category","embeddable":true,"href":"https:\/\/www.tribunanf.com.br\/blogdoralfereis\/wp-json\/wp\/v2\/categories?post=16944"},{"taxonomy":"post_tag","embeddable":true,"href":"https:\/\/www.tribunanf.com.br\/blogdoralfereis\/wp-json\/wp\/v2\/tags?post=16944"}],"curies":[{"name":"wp","href":"https:\/\/api.w.org\/{rel}","templated":true}]}}