{"id":16940,"date":"2026-09-01T16:43:24","date_gmt":"2026-09-01T19:43:24","guid":{"rendered":"https:\/\/www.tribunanf.com.br\/blogdoralfereis\/?p=16940"},"modified":"2026-09-01T16:43:24","modified_gmt":"2026-09-01T19:43:24","slug":"tse-lanca-plataformas-digitais-em-acao-para-combater-conteudos-falsos","status":"publish","type":"post","link":"https:\/\/www.tribunanf.com.br\/blogdoralfereis\/2026\/09\/01\/tse-lanca-plataformas-digitais-em-acao-para-combater-conteudos-falsos\/","title":{"rendered":"TSE lan\u00e7a &#8220;Plataformas Digitais em A\u00e7\u00e3o&#8221; para combater conte\u00fados falsos"},"content":{"rendered":"<figure id=\"attachment_16941\" aria-describedby=\"caption-attachment-16941\" style=\"width: 800px\" class=\"wp-caption aligncenter\"><img decoding=\"async\" class=\"size-large wp-image-16941\" src=\"https:\/\/www.tribunanf.com.br\/wp-content\/uploads\/sites\/11\/2026\/09\/image-1140-9f49d5f27c0067eaedf6f5d2e448b5e4_Easy-Resize.com_-1024x495.jpg\" alt=\"Lan\u00e7amento da iniciativa TSE Facilita - Plataformas Digitais\" width=\"800\" height=\"387\" srcset=\"https:\/\/www.tribunanf.com.br\/blogdoralfereis\/wp-content\/uploads\/sites\/11\/2026\/09\/image-1140-9f49d5f27c0067eaedf6f5d2e448b5e4_Easy-Resize.com_-1024x495.jpg 1024w, https:\/\/www.tribunanf.com.br\/blogdoralfereis\/wp-content\/uploads\/sites\/11\/2026\/09\/image-1140-9f49d5f27c0067eaedf6f5d2e448b5e4_Easy-Resize.com_-300x145.jpg 300w, https:\/\/www.tribunanf.com.br\/blogdoralfereis\/wp-content\/uploads\/sites\/11\/2026\/09\/image-1140-9f49d5f27c0067eaedf6f5d2e448b5e4_Easy-Resize.com_-768x371.jpg 768w, https:\/\/www.tribunanf.com.br\/blogdoralfereis\/wp-content\/uploads\/sites\/11\/2026\/09\/image-1140-9f49d5f27c0067eaedf6f5d2e448b5e4_Easy-Resize.com_.jpg 1280w\" sizes=\"(max-width: 800px) 100vw, 800px\" \/><figcaption id=\"caption-attachment-16941\" class=\"wp-caption-text\">Lan\u00e7amento da iniciativa TSE Facilita &#8211; Plataformas Digitais em A\u00e7\u00e3o. Foto: Antonio Augusto\/Secom\/TSE<\/figcaption><\/figure>\n<p style=\"text-align: justify;\">O presidente do Tribunal Superior Eleitoral (TSE), ministro\u00a0Kassio\u00a0Nunes Marques, destacou, nesta ter\u00e7a-feira (1\u00ba), a import\u00e2ncia da coopera\u00e7\u00e3o entre a Justi\u00e7a Eleitoral e as plataformas digitais para combater a dissemina\u00e7\u00e3o de conte\u00fados falsos, manipulados e descontextualizados durante o processo eleitoral. A declara\u00e7\u00e3o foi feita no lan\u00e7amento do\u00a0\u201cTSE Facilita: Plataformas Digitais em A\u00e7\u00e3o\u201d, realizado na sede do Tribunal, em Bras\u00edlia.<\/p>\n<p style=\"text-align: justify;\">O\u00a0ministro\u00a0ressaltou que &#8220;a\u00a0desinforma\u00e7\u00e3o precisa ser enfrentada em todas as etapas de sua circula\u00e7\u00e3o:\u00a0na produ\u00e7\u00e3o, na distribui\u00e7\u00e3o\u00a0e\u00a0tamb\u00e9m\u00a0no momento em que\u00a0cada pessoa recebe, interpreta e compartilha uma mensagem, o que exige a responsabilidade de todos\u201d.<\/p>\n<ul style=\"text-align: justify;\">\n<li style=\"font-weight: 400;\"><a style=\"font-weight: 500;\" href=\"https:\/\/www.tse.jus.br\/comunicacao\/noticias\/arquivos\/discurso-min-nunes-marques-tse-facilita\" target=\"_blank\" rel=\"noopener\">Leia o discurso do ministro Kassio Nunes Marques na \u00edntegra<\/a><\/li>\n<\/ul>\n<p style=\"text-align: justify;\">A nova ferramenta re\u00fane, em um \u00fanico ambiente,\u00a0conte\u00fados\u00a0produzidos pelas principais plataformas digitais que atuam no Brasil, al\u00e9m de informa\u00e7\u00f5es sobre\u00a0procedimentos, fluxos de comunica\u00e7\u00e3o,\u00a0responsabilidades e requisitos\u00a0t\u00e9cnicos\u00a0relacionados ao cumprimento de\u00a0decis\u00f5es da\u00a0Justi\u00e7a\u00a0Eleitoral envolvendo conte\u00fados publicados na internet.\u00a0Os materiais ficar\u00e3o dispon\u00edveis no ambiente de ensino a dist\u00e2ncia da Escola Judici\u00e1ria Eleitoral do TSE (EJE\/TSE).<\/p>\n<p style=\"font-weight: 600; text-align: justify;\">Participa\u00e7\u00e3o pol\u00edtica<\/p>\n<p style=\"text-align: justify;\">Ao abrir o encontro,\u00a0o ministro\u00a0Kassio\u00a0Nunes Marques ressaltou que o ambiente digital ampliou as possibilidades de participa\u00e7\u00e3o pol\u00edtica, de circula\u00e7\u00e3o de ideias e\u00a0de aproxima\u00e7\u00e3o entre a sociedade e as institui\u00e7\u00f5es, mas advertiu que esse espa\u00e7o n\u00e3o pode ser comprometido pela desinforma\u00e7\u00e3o.<\/p>\n<p style=\"text-align: justify;\">\u201cN\u00e3o podemos, em raz\u00e3o disso, permitir que a circula\u00e7\u00e3o desenfreada de conte\u00fados falsos, manipulados e descontextualizados interfira no usufruto de espa\u00e7o t\u00e3o democr\u00e1tico\u201d, afirmou\u00a0o\u00a0ministro.<\/p>\n<p style=\"text-align: justify;\">Segundo\u00a0ele, iniciativas como o TSE Facilita permitem oferecer aos diferentes participantes do processo eleitoral conhecimento para uma atua\u00e7\u00e3o mais segura e eficiente no ambiente digital.<\/p>\n<p style=\"font-weight: 600; text-align: justify;\">Respostas mais r\u00e1pidas<\/p>\n<p style=\"text-align: justify;\">Para\u00a0Kassio\u00a0Nunes Marques, a atua\u00e7\u00e3o conjunta \u00e9 especialmente importante porque\u00a0a\u00a0Justi\u00e7a Eleitoral e\u00a0as\u00a0plataformas digitais possuem atribui\u00e7\u00f5es e capacidades distintas, que podem se complementar no enfrentamento aos desafios do ambiente digital.<\/p>\n<p style=\"text-align: justify;\">O presidente do TSE explicou que as plataformas conhecem a arquitetura dos pr\u00f3prios servi\u00e7os, possuem capacidade tecnol\u00f3gica e podem adotar medidas operacionais com maior rapidez. J\u00e1 a Justi\u00e7a Eleitoral fornece a refer\u00eancia normativa, a informa\u00e7\u00e3o oficial, a legitimidade institucional e a garantia do devido processo\u00a0legal.<\/p>\n<p style=\"text-align: justify;\">Segundo ele, quando essas capacidades s\u00e3o conjugadas com transpar\u00eancia e empenho,\u00a0as respostas se tornam mais\u00a0c\u00e9leres, proporcionais e efetivas.\u00a0Nesse contexto, o TSE busca tornar mais claros os procedimentos necess\u00e1rios \u00e0 atua\u00e7\u00e3o de candidatas e\u00a0candidatos, partidos pol\u00edticos, magistradas e magistrados, integrantes do Minist\u00e9rio P\u00fablico e demais interessados. Para\u00a0Nunes Marques,\u00a0facilitar o acesso a essas informa\u00e7\u00f5es contribui para a seguran\u00e7a jur\u00eddica, a celeridade e o cumprimento das regras eleitorais.<\/p>\n<p style=\"text-align: justify;\">A ferramenta tamb\u00e9m pretende facilitar a compreens\u00e3o dos procedimentos e requisitos t\u00e9cnicos necess\u00e1rios ao adequado cumprimento das decis\u00f5es da Justi\u00e7a Eleitoral, especialmente aquelas relacionadas a conte\u00fados disponibilizados nas plataformas digitais.<\/p>\n<p style=\"font-weight: 600; text-align: justify;\">Responsabilidade compartilhada<\/p>\n<p style=\"text-align: justify;\">Nunes Marques lembrou ainda que o enfrentamento \u00e0 desinforma\u00e7\u00e3o n\u00e3o se limita \u00e0 retirada ou \u00e0 redu\u00e7\u00e3o da circula\u00e7\u00e3o de determinado conte\u00fado. Segundo ele, o problema deve ser enfrentado em todas as etapas.<\/p>\n<p style=\"text-align: justify;\">Para o ministro, uma democracia saud\u00e1vel,\u00a0do ponto de vista informacional,\u00a0depende da combina\u00e7\u00e3o de normas adequadas, servi\u00e7os digitais respons\u00e1veis, institui\u00e7\u00f5es preparadas e cidad\u00e3os conscientes de suas responsabilidades.<\/p>\n<p style=\"font-weight: 600; text-align: justify;\">Plataformas Digitais em A\u00e7\u00e3o<\/p>\n<p style=\"text-align: justify;\">O lan\u00e7amento da p\u00e1gina Plataformas Digitais em A\u00e7\u00e3o contou\u00a0com a presen\u00e7a\u00a0de representantes de institui\u00e7\u00f5es parceiras e das principais plataformas digitais que atuam no Brasil, al\u00e9m de autoridades como:\u00a0o\u00a0diretor da Escola Judici\u00e1ria Eleitoral do TSE, ministro Cristiano Zanin;\u00a0a ministra Estela Aranha;\u00a0o vice-procurador-geral eleitoral, Alexandre\u00a0Espinosa;\u00a0o presidente em exerc\u00edcio do Conselho Federal da OAB, D\u00e9lio Lins e Silva;\u00a0a defensora p\u00fablica-geral federal,\u00a0Tarcijany\u00a0Linhares; e\u00a0a\u00a0presidente da Associa\u00e7\u00e3o dos Magistrados Brasileiros,\u00a0ju\u00edza\u00a0Vanessa Mateus.<\/p>\n<p style=\"text-align: justify;\">A programa\u00e7\u00e3o prev\u00ea pain\u00e9is tem\u00e1ticos de apresenta\u00e7\u00e3o e debate sobre os desafios operacionais relacionados ao cumprimento de decis\u00f5es judiciais envolvendo conte\u00fados publicados na internet, tema que tem ganhado relev\u00e2ncia diante da crescente presen\u00e7a das plataformas digitais nos processos eleitorais.<\/p>\n<p>Para o presidente do TSE, a ampla divulga\u00e7\u00e3o dos materiais disponibilizados na plataforma poder\u00e1 contribuir para aumentar a efetividade das decis\u00f5es da Justi\u00e7a Eleitoral e fortalecer a confian\u00e7a da sociedade nas elei\u00e7\u00f5es.\u00a0&#8220;Quando a informa\u00e7\u00e3o \u00e9 clara, o di\u00e1logo \u00e9 permanente e as responsabilidades s\u00e3o compreendidas, a democracia se fortalece&#8221;, concluiu o ministro.<\/p>\n<p style=\"text-align: justify;\">Ascom TSE.<\/p>\n","protected":false},"excerpt":{"rendered":"<p>O presidente do Tribunal Superior Eleitoral (TSE), ministro\u00a0Kassio\u00a0Nunes Marques, destacou, nesta ter\u00e7a-feira (1\u00ba), a import\u00e2ncia da coopera\u00e7\u00e3o entre a Justi\u00e7a&#8230;<\/p>\n","protected":false},"author":2,"featured_media":16941,"comment_status":"open","ping_status":"open","sticky":false,"template":"","format":"standard","meta":{"colormag_page_container_layout":"default_layout","colormag_page_sidebar_layout":"default_layout","_jetpack_newsletter_access":"","_jetpack_dont_email_post_to_subs":false,"_jetpack_newsletter_tier_id":0,"_jetpack_memberships_contains_paywalled_content":false,"_jetpack_feature_clip_id":0,"_jetpack_memberships_contains_paid_content":false,"footnotes":"","jetpack_post_was_ever_published":false},"categories":[2],"tags":[],"class_list":["post-16940","post","type-post","status-publish","format-standard","has-post-thumbnail","hentry","category-politica"],"jetpack_sharing_enabled":true,"jetpack-related-posts":[],"jetpack_featured_media_url":"https:\/\/www.tribunanf.com.br\/blogdoralfereis\/wp-content\/uploads\/sites\/11\/2026\/09\/image-1140-9f49d5f27c0067eaedf6f5d2e448b5e4_Easy-Resize.com_.jpg","_links":{"self":[{"href":"https:\/\/www.tribunanf.com.br\/blogdoralfereis\/wp-json\/wp\/v2\/posts\/16940","targetHints":{"allow":["GET"]}}],"collection":[{"href":"https:\/\/www.tribunanf.com.br\/blogdoralfereis\/wp-json\/wp\/v2\/posts"}],"about":[{"href":"https:\/\/www.tribunanf.com.br\/blogdoralfereis\/wp-json\/wp\/v2\/types\/post"}],"author":[{"embeddable":true,"href":"https:\/\/www.tribunanf.com.br\/blogdoralfereis\/wp-json\/wp\/v2\/users\/2"}],"replies":[{"embeddable":true,"href":"https:\/\/www.tribunanf.com.br\/blogdoralfereis\/wp-json\/wp\/v2\/comments?post=16940"}],"version-history":[{"count":2,"href":"https:\/\/www.tribunanf.com.br\/blogdoralfereis\/wp-json\/wp\/v2\/posts\/16940\/revisions"}],"predecessor-version":[{"id":16943,"href":"https:\/\/www.tribunanf.com.br\/blogdoralfereis\/wp-json\/wp\/v2\/posts\/16940\/revisions\/16943"}],"wp:featuredmedia":[{"embeddable":true,"href":"https:\/\/www.tribunanf.com.br\/blogdoralfereis\/wp-json\/wp\/v2\/media\/16941"}],"wp:attachment":[{"href":"https:\/\/www.tribunanf.com.br\/blogdoralfereis\/wp-json\/wp\/v2\/media?parent=16940"}],"wp:term":[{"taxonomy":"category","embeddable":true,"href":"https:\/\/www.tribunanf.com.br\/blogdoralfereis\/wp-json\/wp\/v2\/categories?post=16940"},{"taxonomy":"post_tag","embeddable":true,"href":"https:\/\/www.tribunanf.com.br\/blogdoralfereis\/wp-json\/wp\/v2\/tags?post=16940"}],"curies":[{"name":"wp","href":"https:\/\/api.w.org\/{rel}","templated":true}]}}