{"id":16937,"date":"2026-09-01T10:55:08","date_gmt":"2026-09-01T13:55:08","guid":{"rendered":"https:\/\/www.tribunanf.com.br\/blogdoralfereis\/?p=16937"},"modified":"2026-09-01T10:55:08","modified_gmt":"2026-09-01T13:55:08","slug":"andre-mendonca-pede-a-pgr-informacao-sobre-suposta-mensagem-de-vorcaro-a-moraes","status":"publish","type":"post","link":"https:\/\/www.tribunanf.com.br\/blogdoralfereis\/2026\/09\/01\/andre-mendonca-pede-a-pgr-informacao-sobre-suposta-mensagem-de-vorcaro-a-moraes\/","title":{"rendered":"Andr\u00e9 Mendon\u00e7a pede \u00e0 PGR informa\u00e7\u00e3o sobre suposta mensagem de Vorcaro a Moraes"},"content":{"rendered":"<figure id=\"attachment_16225\" aria-describedby=\"caption-attachment-16225\" style=\"width: 800px\" class=\"wp-caption aligncenter\"><img decoding=\"async\" class=\"size-large wp-image-16225\" src=\"https:\/\/www.tribunanf.com.br\/wp-content\/uploads\/sites\/11\/2026\/05\/andre-mendonca_Easy-Resize.com_-1024x682.jpg\" alt=\"Ministro Andr\u00e9 Mendon\u00e7a\" width=\"800\" height=\"533\" srcset=\"https:\/\/www.tribunanf.com.br\/blogdoralfereis\/wp-content\/uploads\/sites\/11\/2026\/05\/andre-mendonca_Easy-Resize.com_-1024x682.jpg 1024w, https:\/\/www.tribunanf.com.br\/blogdoralfereis\/wp-content\/uploads\/sites\/11\/2026\/05\/andre-mendonca_Easy-Resize.com_-300x200.jpg 300w, https:\/\/www.tribunanf.com.br\/blogdoralfereis\/wp-content\/uploads\/sites\/11\/2026\/05\/andre-mendonca_Easy-Resize.com_-768x512.jpg 768w, https:\/\/www.tribunanf.com.br\/blogdoralfereis\/wp-content\/uploads\/sites\/11\/2026\/05\/andre-mendonca_Easy-Resize.com_.jpg 1280w\" sizes=\"(max-width: 800px) 100vw, 800px\" \/><figcaption id=\"caption-attachment-16225\" class=\"wp-caption-text\">Ministro Andr\u00e9 Mendon\u00e7a<\/figcaption><\/figure>\n<p style=\"text-align: justify;\">O ministro Andr\u00e9 Mendon\u00e7a, do STF (Supremo Tribunal Federal), pediu \u00e0 PGR (Procuradoria-Geral da Rep\u00fablica) informa\u00e7\u00f5es sobre uma mensagem do ex-banqueiro Daniel Vorcaro relatando a necessidade de ter a \u201cprote\u00e7\u00e3o\u201d de \u201cAndrei\u201d e \u201cPaulo\u201d.<\/p>\n<p style=\"text-align: justify;\">De acordo com relat\u00f3rio da Pol\u00edcia Federal enviado ao STF, \u201cAndrei\u201d \u00e9 Andrei Rodrigues, diretor-geral da PF, e \u201cPaulo\u201d \u00e9 Paulo Gonet, procurador-geral da Rep\u00fablica.<\/p>\n<p style=\"text-align: justify;\">Inicialmente, a PF n\u00e3o sabia para quem teria sido encaminhada a mensagem de WhatsApp, mas investigadores apontaram que o destinat\u00e1rio era o ministro Alexandre de Moraes.<\/p>\n<p style=\"text-align: justify;\">As informa\u00e7\u00f5es foram reveladas pelo portal Metr\u00f3poles e confirmadas pela CNN com duas fontes que acompanham as investiga\u00e7\u00f5es.<\/p>\n<p style=\"text-align: justify;\">O pedido de Mendon\u00e7a \u00e0 PGR \u00e9 por informa\u00e7\u00f5es complementares sobre o conte\u00fado da mensagem.<\/p>\n<p style=\"text-align: justify;\"><strong>Partes sens\u00edveis<\/strong><\/p>\n<p style=\"text-align: justify;\">As men\u00e7\u00f5es a integrantes do pr\u00f3prio STF representam as partes mais sens\u00edveis do inqu\u00e9rito do caso do Banco Master, que inicialmente foi relatado pelo ministro Dias Toffoli.<\/p>\n<p style=\"text-align: justify;\">Ele deixou o caso ap\u00f3s revela\u00e7\u00f5es de que uma empresa de sua fam\u00edlia havia feito opera\u00e7\u00f5es financeiras com fundos ligados a Vorcaro em um resort no Paran\u00e1.<\/p>\n<p style=\"text-align: justify;\">A exist\u00eancia de um contrato da mulher de Moraes, Viviane Barci de Moraes, com o Master tamb\u00e9m desgastou a imagem da Corte e aprofundou o racha interno no tribunal.<\/p>\n<p style=\"text-align: justify;\">Com informa\u00e7\u00f5es do Matheus Teixeira, da CNN Brasil.<\/p>\n","protected":false},"excerpt":{"rendered":"<p>O ministro Andr\u00e9 Mendon\u00e7a, do STF (Supremo Tribunal Federal), pediu \u00e0 PGR (Procuradoria-Geral da Rep\u00fablica) informa\u00e7\u00f5es sobre uma mensagem do&#8230;<\/p>\n","protected":false},"author":2,"featured_media":16225,"comment_status":"open","ping_status":"open","sticky":false,"template":"","format":"standard","meta":{"colormag_page_container_layout":"default_layout","colormag_page_sidebar_layout":"default_layout","_jetpack_newsletter_access":"","_jetpack_dont_email_post_to_subs":false,"_jetpack_newsletter_tier_id":0,"_jetpack_memberships_contains_paywalled_content":false,"_jetpack_feature_clip_id":0,"_jetpack_memberships_contains_paid_content":false,"footnotes":"","jetpack_post_was_ever_published":false},"categories":[66],"tags":[],"class_list":["post-16937","post","type-post","status-publish","format-standard","has-post-thumbnail","hentry","category-poder"],"jetpack_sharing_enabled":true,"jetpack-related-posts":[],"jetpack_featured_media_url":"https:\/\/www.tribunanf.com.br\/blogdoralfereis\/wp-content\/uploads\/sites\/11\/2026\/05\/andre-mendonca_Easy-Resize.com_.jpg","_links":{"self":[{"href":"https:\/\/www.tribunanf.com.br\/blogdoralfereis\/wp-json\/wp\/v2\/posts\/16937","targetHints":{"allow":["GET"]}}],"collection":[{"href":"https:\/\/www.tribunanf.com.br\/blogdoralfereis\/wp-json\/wp\/v2\/posts"}],"about":[{"href":"https:\/\/www.tribunanf.com.br\/blogdoralfereis\/wp-json\/wp\/v2\/types\/post"}],"author":[{"embeddable":true,"href":"https:\/\/www.tribunanf.com.br\/blogdoralfereis\/wp-json\/wp\/v2\/users\/2"}],"replies":[{"embeddable":true,"href":"https:\/\/www.tribunanf.com.br\/blogdoralfereis\/wp-json\/wp\/v2\/comments?post=16937"}],"version-history":[{"count":2,"href":"https:\/\/www.tribunanf.com.br\/blogdoralfereis\/wp-json\/wp\/v2\/posts\/16937\/revisions"}],"predecessor-version":[{"id":16939,"href":"https:\/\/www.tribunanf.com.br\/blogdoralfereis\/wp-json\/wp\/v2\/posts\/16937\/revisions\/16939"}],"wp:featuredmedia":[{"embeddable":true,"href":"https:\/\/www.tribunanf.com.br\/blogdoralfereis\/wp-json\/wp\/v2\/media\/16225"}],"wp:attachment":[{"href":"https:\/\/www.tribunanf.com.br\/blogdoralfereis\/wp-json\/wp\/v2\/media?parent=16937"}],"wp:term":[{"taxonomy":"category","embeddable":true,"href":"https:\/\/www.tribunanf.com.br\/blogdoralfereis\/wp-json\/wp\/v2\/categories?post=16937"},{"taxonomy":"post_tag","embeddable":true,"href":"https:\/\/www.tribunanf.com.br\/blogdoralfereis\/wp-json\/wp\/v2\/tags?post=16937"}],"curies":[{"name":"wp","href":"https:\/\/api.w.org\/{rel}","templated":true}]}}