{"id":16935,"date":"2026-08-31T14:39:44","date_gmt":"2026-08-31T17:39:44","guid":{"rendered":"https:\/\/www.tribunanf.com.br\/blogdoralfereis\/?p=16935"},"modified":"2026-08-31T14:39:44","modified_gmt":"2026-08-31T17:39:44","slug":"justica-do-rj-decreta-falencia-da-refit-antiga-refinaria-de-manguinhos","status":"publish","type":"post","link":"https:\/\/www.tribunanf.com.br\/blogdoralfereis\/2026\/08\/31\/justica-do-rj-decreta-falencia-da-refit-antiga-refinaria-de-manguinhos\/","title":{"rendered":"Justi\u00e7a do RJ decreta fal\u00eancia da Refit, antiga Refinaria de Manguinhos"},"content":{"rendered":"<figure id=\"attachment_15234\" aria-describedby=\"caption-attachment-15234\" style=\"width: 800px\" class=\"wp-caption aligncenter\"><img decoding=\"async\" class=\"size-large wp-image-15234\" src=\"https:\/\/www.tribunanf.com.br\/wp-content\/uploads\/sites\/11\/2025\/12\/refit_Easy-Resize.com_-1024x682.jpg\" alt=\"Refit - Refinaria de Manguinhos\" width=\"800\" height=\"533\" srcset=\"https:\/\/www.tribunanf.com.br\/blogdoralfereis\/wp-content\/uploads\/sites\/11\/2025\/12\/refit_Easy-Resize.com_-1024x682.jpg 1024w, https:\/\/www.tribunanf.com.br\/blogdoralfereis\/wp-content\/uploads\/sites\/11\/2025\/12\/refit_Easy-Resize.com_-300x200.jpg 300w, https:\/\/www.tribunanf.com.br\/blogdoralfereis\/wp-content\/uploads\/sites\/11\/2025\/12\/refit_Easy-Resize.com_-768x512.jpg 768w, https:\/\/www.tribunanf.com.br\/blogdoralfereis\/wp-content\/uploads\/sites\/11\/2025\/12\/refit_Easy-Resize.com_.jpg 1280w\" sizes=\"(max-width: 800px) 100vw, 800px\" \/><figcaption id=\"caption-attachment-15234\" class=\"wp-caption-text\">Refit &#8211; Refinaria de Manguinhos<\/figcaption><\/figure>\n<p style=\"text-align: justify;\">A 5\u00aa Vara Empresarial decretou, nesta segunda-feira (31), a fal\u00eancia das empresas que integram o Grupo Refit, incluindo a Refinaria de Petr\u00f3leos de Manguinhos, na Zona Norte do Rio.<\/p>\n<p style=\"text-align: justify;\">A decis\u00e3o \u00e9 do juiz Arthur Eduardo Magalh\u00e3es Ferreira, que converteu em fal\u00eancia a recupera\u00e7\u00e3o judicial das empresas.<\/p>\n<p style=\"text-align: justify;\">Bloqueio de contas<\/p>\n<p style=\"text-align: justify;\">O grupo estava em recupera\u00e7\u00e3o judicial e acumulava d\u00e9bitos referentes a cr\u00e9ditos tribut\u00e1rios com o Estado do Rio de Janeiro.<\/p>\n<p style=\"text-align: justify;\">A decis\u00e3o abrange a Gasdiesel Servi\u00e7os, localizada em Duque de Caxias; a Distribuidora S.A., em Manguinhos; a Qu\u00edmica S\/A, na Rodovia Anhanguera, em Campinas (SP); e a Refinaria de Petr\u00f3leos Manguinhos, na Avenida Brasil, no Rio.<\/p>\n<p style=\"text-align: justify;\">O juiz determinou que as empresas apresentem, no prazo de cinco dias, a rela\u00e7\u00e3o nominal de credores e outras informa\u00e7\u00f5es ao administrador judicial.<\/p>\n<p style=\"text-align: justify;\">Tamb\u00e9m foi determinado o bloqueio de todas as contas banc\u00e1rias das empresas. A decis\u00e3o ainda solicita \u00e0 Receita Federal as \u00faltimas declara\u00e7\u00f5es de Imposto de Renda e as declara\u00e7\u00f5es sobre opera\u00e7\u00f5es imobili\u00e1rias.<\/p>\n<p style=\"text-align: justify;\">O escrit\u00f3rio de advocacia de Bruno Galv\u00e3o Souza Pinto de Rezende, localizado no Centro do Rio, foi mantido como administrador judicial do processo.<\/p>\n<p style=\"text-align: justify;\">Refit \u00e9 considerada maior devedora contumaz do pa\u00eds<br \/>\nA fal\u00eancia ocorre em meio a um hist\u00f3rico de d\u00edvidas bilion\u00e1rias da Refit. A Receita Federal considera o grupo empresarial o maior \u201cdevedor contumaz\u201d do pa\u00eds \u2014 classifica\u00e7\u00e3o dada a empresas que deixam de pagar tributos de forma sistem\u00e1tica e intencional.<\/p>\n<p style=\"text-align: justify;\">Em julho, o Superior Tribunal de Justi\u00e7a (STJ) autorizou o governo do Rio a retomar a cobran\u00e7a de uma d\u00edvida tribut\u00e1ria de R$ 14 bilh\u00f5es da empresa, al\u00e9m de permitir o prosseguimento de mais de 200 execu\u00e7\u00f5es fiscais contra o grupo.<\/p>\n<p style=\"text-align: justify;\">A refinaria tamb\u00e9m foi alvo de investiga\u00e7\u00f5es recentes. Em 2025, a Ag\u00eancia Nacional do Petr\u00f3leo (ANP) interditou a unidade ap\u00f3s apura\u00e7\u00f5es sobre supostas irregularidades na declara\u00e7\u00e3o da gasolina para reduzir o pagamento de impostos.<\/p>\n<p style=\"text-align: justify;\">No mesmo ano, a Refit entrou na mira da Pol\u00edcia Federal na Opera\u00e7\u00e3o Carbono Oculto, que investigou uma rede de lavagem de dinheiro ligada ao Primeiro Comando da Capital (PCC). Em agosto deste ano, a empresa voltou a ser alvo da PF na Opera\u00e7\u00e3o Sem Refino.<\/p>\n<p style=\"text-align: justify;\">Com informa\u00e7\u00f5es da coluna de Ancelmo Gois, no jornal \u201cO Globo\u201d.<\/p>\n","protected":false},"excerpt":{"rendered":"<p>A 5\u00aa Vara Empresarial decretou, nesta segunda-feira (31), a fal\u00eancia das empresas que integram o Grupo Refit, incluindo a Refinaria&#8230;<\/p>\n","protected":false},"author":2,"featured_media":15234,"comment_status":"open","ping_status":"open","sticky":false,"template":"","format":"standard","meta":{"colormag_page_container_layout":"default_layout","colormag_page_sidebar_layout":"default_layout","_jetpack_newsletter_access":"","_jetpack_dont_email_post_to_subs":false,"_jetpack_newsletter_tier_id":0,"_jetpack_memberships_contains_paywalled_content":false,"_jetpack_feature_clip_id":0,"_jetpack_memberships_contains_paid_content":false,"footnotes":"","jetpack_post_was_ever_published":false},"categories":[66],"tags":[],"class_list":["post-16935","post","type-post","status-publish","format-standard","has-post-thumbnail","hentry","category-poder"],"jetpack_sharing_enabled":true,"jetpack-related-posts":[],"jetpack_featured_media_url":"https:\/\/www.tribunanf.com.br\/blogdoralfereis\/wp-content\/uploads\/sites\/11\/2025\/12\/refit_Easy-Resize.com_.jpg","_links":{"self":[{"href":"https:\/\/www.tribunanf.com.br\/blogdoralfereis\/wp-json\/wp\/v2\/posts\/16935","targetHints":{"allow":["GET"]}}],"collection":[{"href":"https:\/\/www.tribunanf.com.br\/blogdoralfereis\/wp-json\/wp\/v2\/posts"}],"about":[{"href":"https:\/\/www.tribunanf.com.br\/blogdoralfereis\/wp-json\/wp\/v2\/types\/post"}],"author":[{"embeddable":true,"href":"https:\/\/www.tribunanf.com.br\/blogdoralfereis\/wp-json\/wp\/v2\/users\/2"}],"replies":[{"embeddable":true,"href":"https:\/\/www.tribunanf.com.br\/blogdoralfereis\/wp-json\/wp\/v2\/comments?post=16935"}],"version-history":[{"count":1,"href":"https:\/\/www.tribunanf.com.br\/blogdoralfereis\/wp-json\/wp\/v2\/posts\/16935\/revisions"}],"predecessor-version":[{"id":16936,"href":"https:\/\/www.tribunanf.com.br\/blogdoralfereis\/wp-json\/wp\/v2\/posts\/16935\/revisions\/16936"}],"wp:featuredmedia":[{"embeddable":true,"href":"https:\/\/www.tribunanf.com.br\/blogdoralfereis\/wp-json\/wp\/v2\/media\/15234"}],"wp:attachment":[{"href":"https:\/\/www.tribunanf.com.br\/blogdoralfereis\/wp-json\/wp\/v2\/media?parent=16935"}],"wp:term":[{"taxonomy":"category","embeddable":true,"href":"https:\/\/www.tribunanf.com.br\/blogdoralfereis\/wp-json\/wp\/v2\/categories?post=16935"},{"taxonomy":"post_tag","embeddable":true,"href":"https:\/\/www.tribunanf.com.br\/blogdoralfereis\/wp-json\/wp\/v2\/tags?post=16935"}],"curies":[{"name":"wp","href":"https:\/\/api.w.org\/{rel}","templated":true}]}}