{"id":16933,"date":"2026-08-31T11:26:57","date_gmt":"2026-08-31T14:26:57","guid":{"rendered":"https:\/\/www.tribunanf.com.br\/blogdoralfereis\/?p=16933"},"modified":"2026-08-31T11:26:57","modified_gmt":"2026-08-31T14:26:57","slug":"sepe-rj-cobra-da-seeduc-correcao-de-erros-nos-contracheques-da-folha-de-agosto","status":"publish","type":"post","link":"https:\/\/www.tribunanf.com.br\/blogdoralfereis\/2026\/08\/31\/sepe-rj-cobra-da-seeduc-correcao-de-erros-nos-contracheques-da-folha-de-agosto\/","title":{"rendered":"Sepe RJ cobra da SEEDUC corre\u00e7\u00e3o de erros nos contracheques da folha de agosto"},"content":{"rendered":"<p><img decoding=\"async\" class=\"aligncenter size-large wp-image-10492\" src=\"https:\/\/www.tribunanf.com.br\/wp-content\/uploads\/sites\/11\/2022\/11\/seeduc-1024x576.jpg\" alt=\"Secretaria de Estado de Educa\u00e7\u00e3o do Rio de Janeiro - Seeduc\" width=\"800\" height=\"450\" srcset=\"https:\/\/www.tribunanf.com.br\/blogdoralfereis\/wp-content\/uploads\/sites\/11\/2022\/11\/seeduc-1024x576.jpg 1024w, https:\/\/www.tribunanf.com.br\/blogdoralfereis\/wp-content\/uploads\/sites\/11\/2022\/11\/seeduc-300x169.jpg 300w, https:\/\/www.tribunanf.com.br\/blogdoralfereis\/wp-content\/uploads\/sites\/11\/2022\/11\/seeduc-768x432.jpg 768w, https:\/\/www.tribunanf.com.br\/blogdoralfereis\/wp-content\/uploads\/sites\/11\/2022\/11\/seeduc.jpg 1200w\" sizes=\"(max-width: 800px) 100vw, 800px\" \/><\/p>\n<p style=\"text-align: justify;\">O Sepe entrou em contato com a Secretaria de Estado de Educa\u00e7\u00e3o-RJ (SEEDUC) para cobrar esclarecimentos sobre os erros identificados nos contracheques referentes \u00e0 folha de agosto, especialmente em rela\u00e7\u00e3o aos aux\u00edlios. A Secretaria reconheceu a exist\u00eancia das falhas e informou que est\u00e1 preparando uma folha suplementar para realizar as devidas corre\u00e7\u00f5es.<\/p>\n<p style=\"text-align: justify;\">At\u00e9 o momento, por\u00e9m, a SEEDUC n\u00e3o informou a data prevista para o pagamento da folha suplementar. O Sepe continuar\u00e1 cobrando da Secretaria a regulariza\u00e7\u00e3o dos problemas e manter\u00e1 a categoria informada sobre os desdobramentos.<\/p>\n<p style=\"text-align: justify;\">Informa\u00e7\u00f5es da assessoria do Sepe.<\/p>\n","protected":false},"excerpt":{"rendered":"<p>O Sepe entrou em contato com a Secretaria de Estado de Educa\u00e7\u00e3o-RJ (SEEDUC) para cobrar esclarecimentos sobre os erros identificados&#8230;<\/p>\n","protected":false},"author":2,"featured_media":10492,"comment_status":"open","ping_status":"open","sticky":false,"template":"","format":"standard","meta":{"colormag_page_container_layout":"default_layout","colormag_page_sidebar_layout":"default_layout","_jetpack_newsletter_access":"","_jetpack_dont_email_post_to_subs":false,"_jetpack_newsletter_tier_id":0,"_jetpack_memberships_contains_paywalled_content":false,"_jetpack_feature_clip_id":0,"_jetpack_memberships_contains_paid_content":false,"footnotes":"","jetpack_post_was_ever_published":false},"categories":[7],"tags":[],"class_list":["post-16933","post","type-post","status-publish","format-standard","has-post-thumbnail","hentry","category-economia"],"jetpack_sharing_enabled":true,"jetpack-related-posts":[],"jetpack_featured_media_url":"https:\/\/www.tribunanf.com.br\/blogdoralfereis\/wp-content\/uploads\/sites\/11\/2022\/11\/seeduc.jpg","_links":{"self":[{"href":"https:\/\/www.tribunanf.com.br\/blogdoralfereis\/wp-json\/wp\/v2\/posts\/16933","targetHints":{"allow":["GET"]}}],"collection":[{"href":"https:\/\/www.tribunanf.com.br\/blogdoralfereis\/wp-json\/wp\/v2\/posts"}],"about":[{"href":"https:\/\/www.tribunanf.com.br\/blogdoralfereis\/wp-json\/wp\/v2\/types\/post"}],"author":[{"embeddable":true,"href":"https:\/\/www.tribunanf.com.br\/blogdoralfereis\/wp-json\/wp\/v2\/users\/2"}],"replies":[{"embeddable":true,"href":"https:\/\/www.tribunanf.com.br\/blogdoralfereis\/wp-json\/wp\/v2\/comments?post=16933"}],"version-history":[{"count":1,"href":"https:\/\/www.tribunanf.com.br\/blogdoralfereis\/wp-json\/wp\/v2\/posts\/16933\/revisions"}],"predecessor-version":[{"id":16934,"href":"https:\/\/www.tribunanf.com.br\/blogdoralfereis\/wp-json\/wp\/v2\/posts\/16933\/revisions\/16934"}],"wp:featuredmedia":[{"embeddable":true,"href":"https:\/\/www.tribunanf.com.br\/blogdoralfereis\/wp-json\/wp\/v2\/media\/10492"}],"wp:attachment":[{"href":"https:\/\/www.tribunanf.com.br\/blogdoralfereis\/wp-json\/wp\/v2\/media?parent=16933"}],"wp:term":[{"taxonomy":"category","embeddable":true,"href":"https:\/\/www.tribunanf.com.br\/blogdoralfereis\/wp-json\/wp\/v2\/categories?post=16933"},{"taxonomy":"post_tag","embeddable":true,"href":"https:\/\/www.tribunanf.com.br\/blogdoralfereis\/wp-json\/wp\/v2\/tags?post=16933"}],"curies":[{"name":"wp","href":"https:\/\/api.w.org\/{rel}","templated":true}]}}