{"id":1687,"date":"2019-03-18T19:02:15","date_gmt":"2019-03-18T22:02:15","guid":{"rendered":"http:\/\/www.tribunanf.com.br\/blogdoralfereis\/?p=1687"},"modified":"2019-03-18T20:04:33","modified_gmt":"2019-03-18T23:04:33","slug":"baixada-campista-tera-representante-concorrendo-a-prefeitura","status":"publish","type":"post","link":"https:\/\/www.tribunanf.com.br\/blogdoralfereis\/2019\/03\/18\/baixada-campista-tera-representante-concorrendo-a-prefeitura\/","title":{"rendered":"Baixada campista ter\u00e1 representante concorrendo \u00e0 prefeitura"},"content":{"rendered":"<p><img loading=\"lazy\" decoding=\"async\" class=\"aligncenter wp-image-1691\" src=\"http:\/\/www.tribunanf.com.br\/blogdoralfereis\/wp-content\/uploads\/sites\/11\/2019\/03\/560808a6-6b92-478c-ab2c-f640147d1f1c.jpg\" alt=\"\" width=\"661\" height=\"605\" srcset=\"https:\/\/www.tribunanf.com.br\/blogdoralfereis\/wp-content\/uploads\/sites\/11\/2019\/03\/560808a6-6b92-478c-ab2c-f640147d1f1c.jpg 960w, https:\/\/www.tribunanf.com.br\/blogdoralfereis\/wp-content\/uploads\/sites\/11\/2019\/03\/560808a6-6b92-478c-ab2c-f640147d1f1c-300x275.jpg 300w, https:\/\/www.tribunanf.com.br\/blogdoralfereis\/wp-content\/uploads\/sites\/11\/2019\/03\/560808a6-6b92-478c-ab2c-f640147d1f1c-768x703.jpg 768w\" sizes=\"auto, (max-width: 661px) 100vw, 661px\" \/><\/p>\n<p style=\"text-align: justify;\">A cada dia que passa a disputa pela prefeitura de Campos fica mais acirrada com a entrada de novos concorrentes.<\/p>\n<p style=\"text-align: justify;\">O mais novo pr\u00e9-candidato a prefeito \u00e9 Maninho da Baixada, que aceitou concorrer as pr\u00f3ximas elei\u00e7\u00f5es ao cargo de prefeito, sendo assim, a Baixada Campista poder\u00e1 ter o \u00fanico morador pr\u00e9-candidato a prefeito nas elei\u00e7\u00f5es de 2020.<\/p>\n<p style=\"text-align: justify;\">Maninho da Baixada iniciou sua carreira pol\u00edtica em 2014 como candidato a deputado estadual, tendo uma grande vota\u00e7\u00e3o e em 2018 disputou como deputado federal. Com 41 anos de muita experi\u00eancia, Maninho da Baixada nasceu em Goitacazes, onde mora at\u00e9 hoje, \u00e9 propriet\u00e1rio do Jornal da Baixada, comerciante e organizador das grandes festas da baixada (a principal cavalgada) e sempre esteve ao lado dos ceramistas, produtores, criadores e moradores da baixada.<\/p>\n","protected":false},"excerpt":{"rendered":"<p>A cada dia que passa a disputa pela prefeitura de Campos fica mais acirrada com a entrada de novos concorrentes&#8230;.<\/p>\n","protected":false},"author":2,"featured_media":1691,"comment_status":"open","ping_status":"open","sticky":false,"template":"","format":"standard","meta":{"colormag_page_container_layout":"default_layout","colormag_page_sidebar_layout":"default_layout","jetpack_post_was_ever_published":false,"_jetpack_newsletter_access":"","_jetpack_dont_email_post_to_subs":false,"_jetpack_newsletter_tier_id":0,"_jetpack_memberships_contains_paywalled_content":false,"_jetpack_memberships_contains_paid_content":false,"footnotes":""},"categories":[2],"tags":[],"class_list":["post-1687","post","type-post","status-publish","format-standard","has-post-thumbnail","hentry","category-politica"],"jetpack_featured_media_url":"https:\/\/www.tribunanf.com.br\/blogdoralfereis\/wp-content\/uploads\/sites\/11\/2019\/03\/560808a6-6b92-478c-ab2c-f640147d1f1c.jpg","jetpack_sharing_enabled":true,"_links":{"self":[{"href":"https:\/\/www.tribunanf.com.br\/blogdoralfereis\/wp-json\/wp\/v2\/posts\/1687","targetHints":{"allow":["GET"]}}],"collection":[{"href":"https:\/\/www.tribunanf.com.br\/blogdoralfereis\/wp-json\/wp\/v2\/posts"}],"about":[{"href":"https:\/\/www.tribunanf.com.br\/blogdoralfereis\/wp-json\/wp\/v2\/types\/post"}],"author":[{"embeddable":true,"href":"https:\/\/www.tribunanf.com.br\/blogdoralfereis\/wp-json\/wp\/v2\/users\/2"}],"replies":[{"embeddable":true,"href":"https:\/\/www.tribunanf.com.br\/blogdoralfereis\/wp-json\/wp\/v2\/comments?post=1687"}],"version-history":[{"count":0,"href":"https:\/\/www.tribunanf.com.br\/blogdoralfereis\/wp-json\/wp\/v2\/posts\/1687\/revisions"}],"wp:featuredmedia":[{"embeddable":true,"href":"https:\/\/www.tribunanf.com.br\/blogdoralfereis\/wp-json\/wp\/v2\/media\/1691"}],"wp:attachment":[{"href":"https:\/\/www.tribunanf.com.br\/blogdoralfereis\/wp-json\/wp\/v2\/media?parent=1687"}],"wp:term":[{"taxonomy":"category","embeddable":true,"href":"https:\/\/www.tribunanf.com.br\/blogdoralfereis\/wp-json\/wp\/v2\/categories?post=1687"},{"taxonomy":"post_tag","embeddable":true,"href":"https:\/\/www.tribunanf.com.br\/blogdoralfereis\/wp-json\/wp\/v2\/tags?post=1687"}],"curies":[{"name":"wp","href":"https:\/\/api.w.org\/{rel}","templated":true}]}}