{"id":1685,"date":"2019-03-18T19:47:35","date_gmt":"2019-03-18T22:47:35","guid":{"rendered":"http:\/\/www.tribunanf.com.br\/blogdoralfereis\/?p=1685"},"modified":"2019-03-18T19:47:35","modified_gmt":"2019-03-18T22:47:35","slug":"garotinho-aos-poucos-o-governo-que-se-dizia-verde-vai-ficando-rosa","status":"publish","type":"post","link":"https:\/\/www.tribunanf.com.br\/blogdoralfereis\/2019\/03\/18\/garotinho-aos-poucos-o-governo-que-se-dizia-verde-vai-ficando-rosa\/","title":{"rendered":"Garotinho: &#8216;Aos poucos o governo que se dizia verde vai ficando rosa&#8217;"},"content":{"rendered":"<p><img loading=\"lazy\" decoding=\"async\" class=\"aligncenter size-full wp-image-429\" src=\"http:\/\/www.tribunanf.com.br\/blogdoralfereis\/wp-content\/uploads\/sites\/11\/2018\/07\/garotinho.jpg\" alt=\"\" width=\"768\" height=\"512\" srcset=\"https:\/\/www.tribunanf.com.br\/blogdoralfereis\/wp-content\/uploads\/sites\/11\/2018\/07\/garotinho.jpg 768w, https:\/\/www.tribunanf.com.br\/blogdoralfereis\/wp-content\/uploads\/sites\/11\/2018\/07\/garotinho-300x200.jpg 300w\" sizes=\"auto, (max-width: 768px) 100vw, 768px\" \/><\/p>\n<p>O ex-governador do Rio Anthony Garotinho comentou, sem citar nomes, sobre a entrada de ex-integrantes do seu grupo pol\u00edtico no governo Rafael Diniz.<\/p>\n<p>Na pr\u00f3xima reforma administrativa que o atual prefeito pretende fazer, estariam cotados para ingressar no governo os m\u00e9dicos Edson Batista, Paulo Hirano e Wilson Cabral, todos para o alto escal\u00e3o.<\/p>\n<p>No governo Diniz, muitos nomes do governo Rosinha j\u00e1 comp\u00f5em os quadros de DAS e RPAs.<\/p>\n<div class=\"fb-post\" data-href=\"https:\/\/www.facebook.com\/garotinhooficial\/posts\/2116858345029347\" data-width=\"552\" style=\"background-color: #fff; display: inline-block;\"><\/div>\n<p>&nbsp;<\/p>\n","protected":false},"excerpt":{"rendered":"<p>O ex-governador do Rio Anthony Garotinho comentou, sem citar nomes, sobre a entrada de ex-integrantes do seu grupo pol\u00edtico no&#8230;<\/p>\n","protected":false},"author":2,"featured_media":429,"comment_status":"open","ping_status":"open","sticky":false,"template":"","format":"standard","meta":{"colormag_page_container_layout":"default_layout","colormag_page_sidebar_layout":"default_layout","jetpack_post_was_ever_published":false,"_jetpack_newsletter_access":"","_jetpack_dont_email_post_to_subs":false,"_jetpack_newsletter_tier_id":0,"_jetpack_memberships_contains_paywalled_content":false,"_jetpack_memberships_contains_paid_content":false,"footnotes":""},"categories":[2],"tags":[],"class_list":["post-1685","post","type-post","status-publish","format-standard","has-post-thumbnail","hentry","category-politica"],"jetpack_featured_media_url":"https:\/\/www.tribunanf.com.br\/blogdoralfereis\/wp-content\/uploads\/sites\/11\/2018\/07\/garotinho.jpg","jetpack_sharing_enabled":true,"_links":{"self":[{"href":"https:\/\/www.tribunanf.com.br\/blogdoralfereis\/wp-json\/wp\/v2\/posts\/1685","targetHints":{"allow":["GET"]}}],"collection":[{"href":"https:\/\/www.tribunanf.com.br\/blogdoralfereis\/wp-json\/wp\/v2\/posts"}],"about":[{"href":"https:\/\/www.tribunanf.com.br\/blogdoralfereis\/wp-json\/wp\/v2\/types\/post"}],"author":[{"embeddable":true,"href":"https:\/\/www.tribunanf.com.br\/blogdoralfereis\/wp-json\/wp\/v2\/users\/2"}],"replies":[{"embeddable":true,"href":"https:\/\/www.tribunanf.com.br\/blogdoralfereis\/wp-json\/wp\/v2\/comments?post=1685"}],"version-history":[{"count":0,"href":"https:\/\/www.tribunanf.com.br\/blogdoralfereis\/wp-json\/wp\/v2\/posts\/1685\/revisions"}],"wp:featuredmedia":[{"embeddable":true,"href":"https:\/\/www.tribunanf.com.br\/blogdoralfereis\/wp-json\/wp\/v2\/media\/429"}],"wp:attachment":[{"href":"https:\/\/www.tribunanf.com.br\/blogdoralfereis\/wp-json\/wp\/v2\/media?parent=1685"}],"wp:term":[{"taxonomy":"category","embeddable":true,"href":"https:\/\/www.tribunanf.com.br\/blogdoralfereis\/wp-json\/wp\/v2\/categories?post=1685"},{"taxonomy":"post_tag","embeddable":true,"href":"https:\/\/www.tribunanf.com.br\/blogdoralfereis\/wp-json\/wp\/v2\/tags?post=1685"}],"curies":[{"name":"wp","href":"https:\/\/api.w.org\/{rel}","templated":true}]}}