{"id":1683,"date":"2019-03-17T20:11:43","date_gmt":"2019-03-17T23:11:43","guid":{"rendered":"http:\/\/www.tribunanf.com.br\/blogdoralfereis\/?p=1683"},"modified":"2019-03-17T20:11:43","modified_gmt":"2019-03-17T23:11:43","slug":"cristiane-brasil-se-pronuncia-sobre-disputa-pelo-ptb-de-campos","status":"publish","type":"post","link":"https:\/\/www.tribunanf.com.br\/blogdoralfereis\/2019\/03\/17\/cristiane-brasil-se-pronuncia-sobre-disputa-pelo-ptb-de-campos\/","title":{"rendered":"Cristiane Brasil se pronuncia sobre disputa pelo PTB de Campos"},"content":{"rendered":"<p><img loading=\"lazy\" decoding=\"async\" class=\"aligncenter size-full wp-image-1559\" src=\"http:\/\/www.tribunanf.com.br\/blogdoralfereis\/wp-content\/uploads\/sites\/11\/2019\/02\/Deputada-Cristiane-Brasil-lan\u00e7a-livro-sobre-envelhecimento-saud\u00e1vel-em-Campos-2-1-549x292.jpg\" alt=\"\" width=\"549\" height=\"292\" srcset=\"https:\/\/www.tribunanf.com.br\/blogdoralfereis\/wp-content\/uploads\/sites\/11\/2019\/02\/Deputada-Cristiane-Brasil-lan\u00e7a-livro-sobre-envelhecimento-saud\u00e1vel-em-Campos-2-1-549x292.jpg 549w, https:\/\/www.tribunanf.com.br\/blogdoralfereis\/wp-content\/uploads\/sites\/11\/2019\/02\/Deputada-Cristiane-Brasil-lan\u00e7a-livro-sobre-envelhecimento-saud\u00e1vel-em-Campos-2-1-549x292-300x160.jpg 300w\" sizes=\"auto, (max-width: 549px) 100vw, 549px\" \/><\/p>\n<p style=\"text-align: justify;\">A ex-deputada Cristiane Brasil, filha de Roberto Jefferson, dono do PTB nacional, se pronunciou na rede social sobre a disputa pela presid\u00eancia do partido em Campos.<\/p>\n<p style=\"text-align: justify;\">O pronunciamento de Cristiane confirma as informa\u00e7\u00f5es trazidas pelo blog sobre a disputa interna. Conforme publicado aqui, Edson Batista ainda \u00e9 o presidente da sigla.<\/p>\n<p style=\"text-align: justify;\">Como noticiamos em fevereiro, a ex-deputada tamb\u00e9m relata sua gratid\u00e3o pela Helo\u00edsa Landim, no qual como informamos pode ser futuramente a presidente da sigla (<a title=\"PTB de Campos nas m\u00e3os da secret\u00e1ria de Rafael Diniz\" href=\"http:\/\/www.tribunanf.com.br\/blogdoralfereis\/2019\/02\/19\/ptb-de-campos-nas-maos-da-secretaria-de-rafael-diniz\/\">PTB de Campos nas m\u00e3os da secret\u00e1ria de Rafael Diniz).<\/a><\/p>\n<p style=\"text-align: justify;\">\u00a0Leia tamb\u00e9m: <a href=\"http:\/\/www.tribunanf.com.br\/blogdoralfereis\/2019\/03\/16\/edson-batista-segue-na-presidencia-do-ptb-e-convoca-assembleia-para-eleicao-do-diretorio\/\">Edson Batista segue na presid\u00eancia do PTB e convoca assembleia para elei\u00e7\u00e3o do diret\u00f3rio<\/a><\/p>\n<p>Pronunciamento de Cristiane:<\/p>\n<div class=\"fb-post\" data-href=\"https:\/\/www.facebook.com\/cristiane.brasil\/photos\/a.657910577624388\/2192817230800374\/?type=3&#038;theater\" data-width=\"552\" style=\"background-color: #fff; display: inline-block;\"><\/div>\n","protected":false},"excerpt":{"rendered":"<p>A ex-deputada Cristiane Brasil, filha de Roberto Jefferson, dono do PTB nacional, se pronunciou na rede social sobre a disputa&#8230;<\/p>\n","protected":false},"author":2,"featured_media":1559,"comment_status":"open","ping_status":"open","sticky":false,"template":"","format":"standard","meta":{"colormag_page_container_layout":"default_layout","colormag_page_sidebar_layout":"default_layout","jetpack_post_was_ever_published":false,"_jetpack_newsletter_access":"","_jetpack_dont_email_post_to_subs":false,"_jetpack_newsletter_tier_id":0,"_jetpack_memberships_contains_paywalled_content":false,"_jetpack_memberships_contains_paid_content":false,"footnotes":""},"categories":[2],"tags":[],"class_list":["post-1683","post","type-post","status-publish","format-standard","has-post-thumbnail","hentry","category-politica"],"jetpack_featured_media_url":"https:\/\/www.tribunanf.com.br\/blogdoralfereis\/wp-content\/uploads\/sites\/11\/2019\/02\/Deputada-Cristiane-Brasil-lan\u00e7a-livro-sobre-envelhecimento-saud\u00e1vel-em-Campos-2-1-549x292.jpg","jetpack_sharing_enabled":true,"_links":{"self":[{"href":"https:\/\/www.tribunanf.com.br\/blogdoralfereis\/wp-json\/wp\/v2\/posts\/1683","targetHints":{"allow":["GET"]}}],"collection":[{"href":"https:\/\/www.tribunanf.com.br\/blogdoralfereis\/wp-json\/wp\/v2\/posts"}],"about":[{"href":"https:\/\/www.tribunanf.com.br\/blogdoralfereis\/wp-json\/wp\/v2\/types\/post"}],"author":[{"embeddable":true,"href":"https:\/\/www.tribunanf.com.br\/blogdoralfereis\/wp-json\/wp\/v2\/users\/2"}],"replies":[{"embeddable":true,"href":"https:\/\/www.tribunanf.com.br\/blogdoralfereis\/wp-json\/wp\/v2\/comments?post=1683"}],"version-history":[{"count":0,"href":"https:\/\/www.tribunanf.com.br\/blogdoralfereis\/wp-json\/wp\/v2\/posts\/1683\/revisions"}],"wp:featuredmedia":[{"embeddable":true,"href":"https:\/\/www.tribunanf.com.br\/blogdoralfereis\/wp-json\/wp\/v2\/media\/1559"}],"wp:attachment":[{"href":"https:\/\/www.tribunanf.com.br\/blogdoralfereis\/wp-json\/wp\/v2\/media?parent=1683"}],"wp:term":[{"taxonomy":"category","embeddable":true,"href":"https:\/\/www.tribunanf.com.br\/blogdoralfereis\/wp-json\/wp\/v2\/categories?post=1683"},{"taxonomy":"post_tag","embeddable":true,"href":"https:\/\/www.tribunanf.com.br\/blogdoralfereis\/wp-json\/wp\/v2\/tags?post=1683"}],"curies":[{"name":"wp","href":"https:\/\/api.w.org\/{rel}","templated":true}]}}