{"id":168,"date":"2018-06-08T00:32:51","date_gmt":"2018-06-08T03:32:51","guid":{"rendered":"http:\/\/www.tribunanf.com.br\/blogdoralfereis\/?p=168"},"modified":"2018-06-08T00:32:51","modified_gmt":"2018-06-08T03:32:51","slug":"procurador-jose-paes-neto-precisa-explicar-o-projeto-do-sacolao","status":"publish","type":"post","link":"https:\/\/www.tribunanf.com.br\/blogdoralfereis\/2018\/06\/08\/procurador-jose-paes-neto-precisa-explicar-o-projeto-do-sacolao\/","title":{"rendered":"Procurador Jos\u00e9 Paes Neto precisa explicar o projeto do sacol\u00e3o"},"content":{"rendered":"<p><img loading=\"lazy\" decoding=\"async\" class=\"aligncenter size-full wp-image-169\" src=\"http:\/\/www.tribunanf.com.br\/blogdoralfereis\/wp-content\/uploads\/sites\/11\/2018\/06\/josepaes.jpg\" alt=\"\" width=\"813\" height=\"542\" srcset=\"https:\/\/www.tribunanf.com.br\/blogdoralfereis\/wp-content\/uploads\/sites\/11\/2018\/06\/josepaes.jpg 813w, https:\/\/www.tribunanf.com.br\/blogdoralfereis\/wp-content\/uploads\/sites\/11\/2018\/06\/josepaes-300x200.jpg 300w, https:\/\/www.tribunanf.com.br\/blogdoralfereis\/wp-content\/uploads\/sites\/11\/2018\/06\/josepaes-768x512.jpg 768w\" sizes=\"auto, (max-width: 813px) 100vw, 813px\" \/><\/p>\n<p style=\"text-align: justify;\">At\u00e9 hoje a municipalidade n\u00e3o esclareceu a popula\u00e7\u00e3o a respeito do projeto de lei que criou o fundo para distribui\u00e7\u00e3o de sacol\u00f5es para fam\u00edlias em situa\u00e7\u00e3o de vulnerabilidade.<\/p>\n<p style=\"text-align: justify;\">A popula\u00e7\u00e3o quer saber como e quando ser\u00e3o distribu\u00eddos esses sacol\u00f5es?<\/p>\n<p style=\"text-align: justify;\">Se algu\u00e9m est\u00e1 achando que essa omiss\u00e3o ir\u00e1 facilitar a defesa do vereador Marc\u00e3o junto \u00e0 justi\u00e7a eleitoral est\u00e1 enganado.<\/p>\n<p style=\"text-align: justify;\">A promessa j\u00e1 foi feita e os atos foram publicados no Di\u00e1rio Oficial bem como nos ve\u00edculos chapa branca onde o governo fala o que quer e ningu\u00e9m v\u00ea o que ele n\u00e3o quer.<\/p>\n<p style=\"text-align: justify;\">Tudo muito bem resolvido. Falta agora combinar com os russos.<\/p>\n","protected":false},"excerpt":{"rendered":"<p>At\u00e9 hoje a municipalidade n\u00e3o esclareceu a popula\u00e7\u00e3o a respeito do projeto de lei que criou o fundo para distribui\u00e7\u00e3o&#8230;<\/p>\n","protected":false},"author":2,"featured_media":169,"comment_status":"open","ping_status":"open","sticky":false,"template":"","format":"standard","meta":{"colormag_page_container_layout":"default_layout","colormag_page_sidebar_layout":"default_layout","jetpack_post_was_ever_published":false,"_jetpack_newsletter_access":"","_jetpack_dont_email_post_to_subs":false,"_jetpack_newsletter_tier_id":0,"_jetpack_memberships_contains_paywalled_content":false,"_jetpack_memberships_contains_paid_content":false,"footnotes":""},"categories":[2],"tags":[],"class_list":["post-168","post","type-post","status-publish","format-standard","has-post-thumbnail","hentry","category-politica"],"jetpack_featured_media_url":"https:\/\/www.tribunanf.com.br\/blogdoralfereis\/wp-content\/uploads\/sites\/11\/2018\/06\/josepaes.jpg","jetpack_sharing_enabled":true,"_links":{"self":[{"href":"https:\/\/www.tribunanf.com.br\/blogdoralfereis\/wp-json\/wp\/v2\/posts\/168","targetHints":{"allow":["GET"]}}],"collection":[{"href":"https:\/\/www.tribunanf.com.br\/blogdoralfereis\/wp-json\/wp\/v2\/posts"}],"about":[{"href":"https:\/\/www.tribunanf.com.br\/blogdoralfereis\/wp-json\/wp\/v2\/types\/post"}],"author":[{"embeddable":true,"href":"https:\/\/www.tribunanf.com.br\/blogdoralfereis\/wp-json\/wp\/v2\/users\/2"}],"replies":[{"embeddable":true,"href":"https:\/\/www.tribunanf.com.br\/blogdoralfereis\/wp-json\/wp\/v2\/comments?post=168"}],"version-history":[{"count":0,"href":"https:\/\/www.tribunanf.com.br\/blogdoralfereis\/wp-json\/wp\/v2\/posts\/168\/revisions"}],"wp:featuredmedia":[{"embeddable":true,"href":"https:\/\/www.tribunanf.com.br\/blogdoralfereis\/wp-json\/wp\/v2\/media\/169"}],"wp:attachment":[{"href":"https:\/\/www.tribunanf.com.br\/blogdoralfereis\/wp-json\/wp\/v2\/media?parent=168"}],"wp:term":[{"taxonomy":"category","embeddable":true,"href":"https:\/\/www.tribunanf.com.br\/blogdoralfereis\/wp-json\/wp\/v2\/categories?post=168"},{"taxonomy":"post_tag","embeddable":true,"href":"https:\/\/www.tribunanf.com.br\/blogdoralfereis\/wp-json\/wp\/v2\/tags?post=168"}],"curies":[{"name":"wp","href":"https:\/\/api.w.org\/{rel}","templated":true}]}}