{"id":1673,"date":"2019-03-15T11:55:39","date_gmt":"2019-03-15T14:55:39","guid":{"rendered":"http:\/\/www.tribunanf.com.br\/blogdoralfereis\/?p=1673"},"modified":"2019-03-15T11:55:39","modified_gmt":"2019-03-15T14:55:39","slug":"rafael-diniz-vai-gastar-r-856-mil-com-ponto-eletronico-na-saude","status":"publish","type":"post","link":"https:\/\/www.tribunanf.com.br\/blogdoralfereis\/2019\/03\/15\/rafael-diniz-vai-gastar-r-856-mil-com-ponto-eletronico-na-saude\/","title":{"rendered":"Rafael Diniz vai gastar R$ 856 mil com ponto eletr\u00f4nico na Sa\u00fade"},"content":{"rendered":"<p><img loading=\"lazy\" decoding=\"async\" class=\"aligncenter size-full wp-image-83\" src=\"http:\/\/www.tribunanf.com.br\/blogdoralfereis\/wp-content\/uploads\/sites\/11\/2018\/06\/coletiva282-640x360.jpg\" alt=\"\" width=\"640\" height=\"360\" srcset=\"https:\/\/www.tribunanf.com.br\/blogdoralfereis\/wp-content\/uploads\/sites\/11\/2018\/06\/coletiva282-640x360.jpg 640w, https:\/\/www.tribunanf.com.br\/blogdoralfereis\/wp-content\/uploads\/sites\/11\/2018\/06\/coletiva282-640x360-300x169.jpg 300w\" sizes=\"auto, (max-width: 640px) 100vw, 640px\" \/><\/p>\n<p style=\"text-align: justify;\">Dando continuidade a divulga\u00e7\u00e3o dos gastos do governo Rafael Diniz com a implanta\u00e7\u00e3o\u00a0de servi\u00e7os de controle de efetividade funcional dos servidores p\u00fablicos do munic\u00edpio, que de acordo com o Preg\u00e3o a estimativa do contrato foi de R$ 4 milh\u00f5es, podendo ser maior com futuros aditivos, hoje publicamos os gastos do servi\u00e7o na Sa\u00fade.<\/p>\n<p style=\"text-align: justify;\">Conforme relatamos na primeira publica\u00e7\u00e3o, o contrato foi fatiado para cada secretaria pagar o seu ponto eletr\u00f4nico. Na educa\u00e7\u00e3o, o valor pode ser conferido aqui:\u00a0<a href=\"http:\/\/www.tribunanf.com.br\/blogdoralfereis\/2019\/03\/14\/rafael-diniz-vai-gastar-r-18-milhao-com-ponto-eletronico-para-controlar-frequencia-dos-professores\/\">Rafael Diniz vai gastar R$ 1,8 milh\u00e3o com ponto eletr\u00f4nico para controlar frequ\u00eancia dos Professores.<\/a><\/p>\n<p>Segundo o Di\u00e1rio Oficial do Munic\u00edpio, o valor que ser\u00e1 inicialmente gasto na Sa\u00fade \u00e9 de\u00a0<strong>R$ 856.800,00<\/strong> (Oitocentos e cinquenta e seis mil e oitocentos reais).<\/p>\n<p>Confira:<\/p>\n<p><img loading=\"lazy\" decoding=\"async\" class=\"aligncenter size-full wp-image-1674\" src=\"http:\/\/www.tribunanf.com.br\/blogdoralfereis\/wp-content\/uploads\/sites\/11\/2019\/03\/saude.png\" alt=\"\" width=\"431\" height=\"320\" srcset=\"https:\/\/www.tribunanf.com.br\/blogdoralfereis\/wp-content\/uploads\/sites\/11\/2019\/03\/saude.png 431w, https:\/\/www.tribunanf.com.br\/blogdoralfereis\/wp-content\/uploads\/sites\/11\/2019\/03\/saude-300x223.png 300w\" sizes=\"auto, (max-width: 431px) 100vw, 431px\" \/><\/p>\n","protected":false},"excerpt":{"rendered":"<p>Dando continuidade a divulga\u00e7\u00e3o dos gastos do governo Rafael Diniz com a implanta\u00e7\u00e3o\u00a0de servi\u00e7os de controle de efetividade funcional dos&#8230;<\/p>\n","protected":false},"author":2,"featured_media":83,"comment_status":"open","ping_status":"open","sticky":false,"template":"","format":"standard","meta":{"colormag_page_container_layout":"default_layout","colormag_page_sidebar_layout":"default_layout","jetpack_post_was_ever_published":false,"_jetpack_newsletter_access":"","_jetpack_dont_email_post_to_subs":false,"_jetpack_newsletter_tier_id":0,"_jetpack_memberships_contains_paywalled_content":false,"_jetpack_memberships_contains_paid_content":false,"footnotes":""},"categories":[2],"tags":[],"class_list":["post-1673","post","type-post","status-publish","format-standard","has-post-thumbnail","hentry","category-politica"],"jetpack_featured_media_url":"https:\/\/www.tribunanf.com.br\/blogdoralfereis\/wp-content\/uploads\/sites\/11\/2018\/06\/coletiva282-640x360.jpg","jetpack_sharing_enabled":true,"_links":{"self":[{"href":"https:\/\/www.tribunanf.com.br\/blogdoralfereis\/wp-json\/wp\/v2\/posts\/1673","targetHints":{"allow":["GET"]}}],"collection":[{"href":"https:\/\/www.tribunanf.com.br\/blogdoralfereis\/wp-json\/wp\/v2\/posts"}],"about":[{"href":"https:\/\/www.tribunanf.com.br\/blogdoralfereis\/wp-json\/wp\/v2\/types\/post"}],"author":[{"embeddable":true,"href":"https:\/\/www.tribunanf.com.br\/blogdoralfereis\/wp-json\/wp\/v2\/users\/2"}],"replies":[{"embeddable":true,"href":"https:\/\/www.tribunanf.com.br\/blogdoralfereis\/wp-json\/wp\/v2\/comments?post=1673"}],"version-history":[{"count":0,"href":"https:\/\/www.tribunanf.com.br\/blogdoralfereis\/wp-json\/wp\/v2\/posts\/1673\/revisions"}],"wp:featuredmedia":[{"embeddable":true,"href":"https:\/\/www.tribunanf.com.br\/blogdoralfereis\/wp-json\/wp\/v2\/media\/83"}],"wp:attachment":[{"href":"https:\/\/www.tribunanf.com.br\/blogdoralfereis\/wp-json\/wp\/v2\/media?parent=1673"}],"wp:term":[{"taxonomy":"category","embeddable":true,"href":"https:\/\/www.tribunanf.com.br\/blogdoralfereis\/wp-json\/wp\/v2\/categories?post=1673"},{"taxonomy":"post_tag","embeddable":true,"href":"https:\/\/www.tribunanf.com.br\/blogdoralfereis\/wp-json\/wp\/v2\/tags?post=1673"}],"curies":[{"name":"wp","href":"https:\/\/api.w.org\/{rel}","templated":true}]}}