{"id":1656,"date":"2019-03-14T11:05:35","date_gmt":"2019-03-14T14:05:35","guid":{"rendered":"http:\/\/www.tribunanf.com.br\/blogdoralfereis\/?p=1656"},"modified":"2019-03-14T11:05:35","modified_gmt":"2019-03-14T14:05:35","slug":"rafael-diniz-vai-gastar-r-18-milhao-com-ponto-eletronico-para-controlar-frequencia-dos-professores","status":"publish","type":"post","link":"https:\/\/www.tribunanf.com.br\/blogdoralfereis\/2019\/03\/14\/rafael-diniz-vai-gastar-r-18-milhao-com-ponto-eletronico-para-controlar-frequencia-dos-professores\/","title":{"rendered":"Rafael Diniz vai gastar R$ 1,8 milh\u00e3o com ponto eletr\u00f4nico para controlar frequ\u00eancia dos Professores"},"content":{"rendered":"<p><img loading=\"lazy\" decoding=\"async\" class=\"aligncenter size-full wp-image-252\" src=\"http:\/\/www.tribunanf.com.br\/blogdoralfereis\/wp-content\/uploads\/sites\/11\/2018\/06\/rafael-diniz-educa\u00e7ao-C\u00f3pia.jpg\" alt=\"\" width=\"715\" height=\"400\" srcset=\"https:\/\/www.tribunanf.com.br\/blogdoralfereis\/wp-content\/uploads\/sites\/11\/2018\/06\/rafael-diniz-educa\u00e7ao-C\u00f3pia.jpg 715w, https:\/\/www.tribunanf.com.br\/blogdoralfereis\/wp-content\/uploads\/sites\/11\/2018\/06\/rafael-diniz-educa\u00e7ao-C\u00f3pia-300x168.jpg 300w\" sizes=\"auto, (max-width: 715px) 100vw, 715px\" \/><\/p>\n<p style=\"text-align: justify;\">Conforme publicado aqui no blog, o prefeito de Campos dos Goytacazes Rafael Diniz contratou uma empresa para presta\u00e7\u00e3o de servi\u00e7os de controle de efetividade funcional dos servidores p\u00fablicos do munic\u00edpio. De acordo com o Preg\u00e3o, a estimativa do contrato foi de R$ 4 milh\u00f5es, podendo ser maior com futuros aditivos (<a href=\"http:\/\/www.tribunanf.com.br\/blogdoralfereis\/2019\/02\/28\/rafael-diniz-deve-gastar-mais-de-r-4-milhoes-com-ponto-eletronico-dos-servidores\/\">Rafael Diniz deve gastar mais de R$ 4 milh\u00f5es com ponto eletr\u00f4nico dos servidores<\/a>).<\/p>\n<p style=\"text-align: justify;\"><a href=\"https:\/\/www.campos.rj.gov.br\/arquivos\/DO\/Mar-2019\/DiarioOficialEletronicoEdicao-311.pdf\" target=\"_blank\" rel=\"noopener\">No Di\u00e1rio Oficial desta quinta-feira (14),<\/a> o governo municipal publicou os extratos de contratos do referido Preg\u00e3o. Rafael Diniz fatiou o contrato e cada secretaria vai pagar a fatura do seu ponto eletr\u00f4nico.<\/p>\n<p style=\"text-align: justify;\">O blog vai publicar separadamente por secretaria.<\/p>\n<p style=\"text-align: justify;\">O primeiro extrato de contrato \u00e9 o da secretaria de Educa\u00e7\u00e3o, assinado por Brand Arenari.<\/p>\n<p style=\"text-align: justify;\">Segundo o extrato de contrato, o ponto eletr\u00f4nico para controlar a frequ\u00eancias dos servidores da educa\u00e7\u00e3o vai custar aos cofres da secretaria\u00a0<strong>R$ 1.861.200,00<\/strong> (um milh\u00e3o, oitocentos e sessenta e um mil e duzentos reais).<\/p>\n<p>Confira:<\/p>\n<p><img loading=\"lazy\" decoding=\"async\" class=\"aligncenter size-full wp-image-1657\" src=\"http:\/\/www.tribunanf.com.br\/blogdoralfereis\/wp-content\/uploads\/sites\/11\/2019\/03\/ponto-educa\u00e7\u00e3o.png\" alt=\"\" width=\"420\" height=\"339\" srcset=\"https:\/\/www.tribunanf.com.br\/blogdoralfereis\/wp-content\/uploads\/sites\/11\/2019\/03\/ponto-educa\u00e7\u00e3o.png 420w, https:\/\/www.tribunanf.com.br\/blogdoralfereis\/wp-content\/uploads\/sites\/11\/2019\/03\/ponto-educa\u00e7\u00e3o-300x242.png 300w\" sizes=\"auto, (max-width: 420px) 100vw, 420px\" \/><\/p>\n","protected":false},"excerpt":{"rendered":"<p>Conforme publicado aqui no blog, o prefeito de Campos dos Goytacazes Rafael Diniz contratou uma empresa para presta\u00e7\u00e3o de servi\u00e7os&#8230;<\/p>\n","protected":false},"author":2,"featured_media":252,"comment_status":"open","ping_status":"open","sticky":false,"template":"","format":"standard","meta":{"colormag_page_container_layout":"default_layout","colormag_page_sidebar_layout":"default_layout","jetpack_post_was_ever_published":false,"_jetpack_newsletter_access":"","_jetpack_dont_email_post_to_subs":false,"_jetpack_newsletter_tier_id":0,"_jetpack_memberships_contains_paywalled_content":false,"_jetpack_memberships_contains_paid_content":false,"footnotes":""},"categories":[2],"tags":[],"class_list":["post-1656","post","type-post","status-publish","format-standard","has-post-thumbnail","hentry","category-politica"],"jetpack_featured_media_url":"https:\/\/www.tribunanf.com.br\/blogdoralfereis\/wp-content\/uploads\/sites\/11\/2018\/06\/rafael-diniz-educa\u00e7ao-C\u00f3pia.jpg","jetpack_sharing_enabled":true,"_links":{"self":[{"href":"https:\/\/www.tribunanf.com.br\/blogdoralfereis\/wp-json\/wp\/v2\/posts\/1656","targetHints":{"allow":["GET"]}}],"collection":[{"href":"https:\/\/www.tribunanf.com.br\/blogdoralfereis\/wp-json\/wp\/v2\/posts"}],"about":[{"href":"https:\/\/www.tribunanf.com.br\/blogdoralfereis\/wp-json\/wp\/v2\/types\/post"}],"author":[{"embeddable":true,"href":"https:\/\/www.tribunanf.com.br\/blogdoralfereis\/wp-json\/wp\/v2\/users\/2"}],"replies":[{"embeddable":true,"href":"https:\/\/www.tribunanf.com.br\/blogdoralfereis\/wp-json\/wp\/v2\/comments?post=1656"}],"version-history":[{"count":0,"href":"https:\/\/www.tribunanf.com.br\/blogdoralfereis\/wp-json\/wp\/v2\/posts\/1656\/revisions"}],"wp:featuredmedia":[{"embeddable":true,"href":"https:\/\/www.tribunanf.com.br\/blogdoralfereis\/wp-json\/wp\/v2\/media\/252"}],"wp:attachment":[{"href":"https:\/\/www.tribunanf.com.br\/blogdoralfereis\/wp-json\/wp\/v2\/media?parent=1656"}],"wp:term":[{"taxonomy":"category","embeddable":true,"href":"https:\/\/www.tribunanf.com.br\/blogdoralfereis\/wp-json\/wp\/v2\/categories?post=1656"},{"taxonomy":"post_tag","embeddable":true,"href":"https:\/\/www.tribunanf.com.br\/blogdoralfereis\/wp-json\/wp\/v2\/tags?post=1656"}],"curies":[{"name":"wp","href":"https:\/\/api.w.org\/{rel}","templated":true}]}}