{"id":161,"date":"2018-06-07T19:32:43","date_gmt":"2018-06-07T22:32:43","guid":{"rendered":"http:\/\/www.tribunanf.com.br\/blogdoralfereis\/?p=161"},"modified":"2018-06-07T19:43:32","modified_gmt":"2018-06-07T22:43:32","slug":"processo-que-pede-a-cassacao-de-marcao-gomes-ja-tem-parecer-do-mp","status":"publish","type":"post","link":"https:\/\/www.tribunanf.com.br\/blogdoralfereis\/2018\/06\/07\/processo-que-pede-a-cassacao-de-marcao-gomes-ja-tem-parecer-do-mp\/","title":{"rendered":"Processo que pede a cassa\u00e7\u00e3o de Marc\u00e3o Gomes j\u00e1 tem parecer do MP"},"content":{"rendered":"<p><img loading=\"lazy\" decoding=\"async\" class=\"aligncenter size-full wp-image-165\" src=\"http:\/\/www.tribunanf.com.br\/blogdoralfereis\/wp-content\/uploads\/sites\/11\/2018\/06\/MARCAO.jpg\" alt=\"\" width=\"2048\" height=\"1132\" srcset=\"https:\/\/www.tribunanf.com.br\/blogdoralfereis\/wp-content\/uploads\/sites\/11\/2018\/06\/MARCAO.jpg 2048w, https:\/\/www.tribunanf.com.br\/blogdoralfereis\/wp-content\/uploads\/sites\/11\/2018\/06\/MARCAO-300x166.jpg 300w, https:\/\/www.tribunanf.com.br\/blogdoralfereis\/wp-content\/uploads\/sites\/11\/2018\/06\/MARCAO-768x425.jpg 768w, https:\/\/www.tribunanf.com.br\/blogdoralfereis\/wp-content\/uploads\/sites\/11\/2018\/06\/MARCAO-1024x566.jpg 1024w\" sizes=\"auto, (max-width: 2048px) 100vw, 2048px\" \/><\/p>\n<p style=\"text-align: justify;\">O processo que pede a cassa\u00e7\u00e3o do presidente da C\u00e2mara Municipal de Campos Marc\u00e3o Gomes (PR) por infidelidade partid\u00e1ria j\u00e1 tem parecer do Minist\u00e9rio P\u00fablico Eleitoral.<\/p>\n<p style=\"text-align: justify;\">Marc\u00e3o trocou o partido REDE pelo PR em per\u00edodo n\u00e3o permitido pela lei eleitoral. A executiva estadual da sigla e o suplente Thiago Miquilito entraram com a a\u00e7\u00e3o no Tribunal Regional Eleitoral contra Marc\u00e3o Gomes.<\/p>\n<p style=\"text-align: justify;\">O teor do parecer ainda n\u00e3o foi disponibilizado no sistema. Mas conforme o blog alertou, com o parecer do MP o processo deve ir a julgamento em breve.<\/p>\n","protected":false},"excerpt":{"rendered":"<p>O processo que pede a cassa\u00e7\u00e3o do presidente da C\u00e2mara Municipal de Campos Marc\u00e3o Gomes (PR) por infidelidade partid\u00e1ria j\u00e1&#8230;<\/p>\n","protected":false},"author":2,"featured_media":165,"comment_status":"open","ping_status":"open","sticky":false,"template":"","format":"standard","meta":{"colormag_page_container_layout":"default_layout","colormag_page_sidebar_layout":"default_layout","jetpack_post_was_ever_published":false,"_jetpack_newsletter_access":"","_jetpack_dont_email_post_to_subs":false,"_jetpack_newsletter_tier_id":0,"_jetpack_memberships_contains_paywalled_content":false,"_jetpack_memberships_contains_paid_content":false,"footnotes":""},"categories":[2],"tags":[17,5],"class_list":["post-161","post","type-post","status-publish","format-standard","has-post-thumbnail","hentry","category-politica","tag-camara-campos","tag-marcao-gomes"],"jetpack_featured_media_url":"https:\/\/www.tribunanf.com.br\/blogdoralfereis\/wp-content\/uploads\/sites\/11\/2018\/06\/MARCAO.jpg","jetpack_sharing_enabled":true,"_links":{"self":[{"href":"https:\/\/www.tribunanf.com.br\/blogdoralfereis\/wp-json\/wp\/v2\/posts\/161","targetHints":{"allow":["GET"]}}],"collection":[{"href":"https:\/\/www.tribunanf.com.br\/blogdoralfereis\/wp-json\/wp\/v2\/posts"}],"about":[{"href":"https:\/\/www.tribunanf.com.br\/blogdoralfereis\/wp-json\/wp\/v2\/types\/post"}],"author":[{"embeddable":true,"href":"https:\/\/www.tribunanf.com.br\/blogdoralfereis\/wp-json\/wp\/v2\/users\/2"}],"replies":[{"embeddable":true,"href":"https:\/\/www.tribunanf.com.br\/blogdoralfereis\/wp-json\/wp\/v2\/comments?post=161"}],"version-history":[{"count":0,"href":"https:\/\/www.tribunanf.com.br\/blogdoralfereis\/wp-json\/wp\/v2\/posts\/161\/revisions"}],"wp:featuredmedia":[{"embeddable":true,"href":"https:\/\/www.tribunanf.com.br\/blogdoralfereis\/wp-json\/wp\/v2\/media\/165"}],"wp:attachment":[{"href":"https:\/\/www.tribunanf.com.br\/blogdoralfereis\/wp-json\/wp\/v2\/media?parent=161"}],"wp:term":[{"taxonomy":"category","embeddable":true,"href":"https:\/\/www.tribunanf.com.br\/blogdoralfereis\/wp-json\/wp\/v2\/categories?post=161"},{"taxonomy":"post_tag","embeddable":true,"href":"https:\/\/www.tribunanf.com.br\/blogdoralfereis\/wp-json\/wp\/v2\/tags?post=161"}],"curies":[{"name":"wp","href":"https:\/\/api.w.org\/{rel}","templated":true}]}}