{"id":16095,"date":"2026-04-30T17:40:25","date_gmt":"2026-04-30T20:40:25","guid":{"rendered":"https:\/\/www.tribunanf.com.br\/blogdoralfereis\/?p=16095"},"modified":"2026-04-30T17:40:25","modified_gmt":"2026-04-30T20:40:25","slug":"governo-do-estado-rj-paga-servidores-nesta-sexta-feira-1","status":"publish","type":"post","link":"https:\/\/www.tribunanf.com.br\/blogdoralfereis\/2026\/04\/30\/governo-do-estado-rj-paga-servidores-nesta-sexta-feira-1\/","title":{"rendered":"Governo do Estado RJ paga servidores nesta sexta-feira (1)"},"content":{"rendered":"<p><img loading=\"lazy\" decoding=\"async\" class=\"aligncenter size-large wp-image-11756\" src=\"https:\/\/www.tribunanf.com.br\/blogdoralfereis\/wp-content\/uploads\/sites\/11\/2023\/10\/a_palacio_guanabara_Easy-Resize.com_-1024x590.jpg\" alt=\"\" width=\"800\" height=\"461\" srcset=\"https:\/\/www.tribunanf.com.br\/blogdoralfereis\/wp-content\/uploads\/sites\/11\/2023\/10\/a_palacio_guanabara_Easy-Resize.com_-1024x590.jpg 1024w, https:\/\/www.tribunanf.com.br\/blogdoralfereis\/wp-content\/uploads\/sites\/11\/2023\/10\/a_palacio_guanabara_Easy-Resize.com_-300x173.jpg 300w, https:\/\/www.tribunanf.com.br\/blogdoralfereis\/wp-content\/uploads\/sites\/11\/2023\/10\/a_palacio_guanabara_Easy-Resize.com_-768x443.jpg 768w, https:\/\/www.tribunanf.com.br\/blogdoralfereis\/wp-content\/uploads\/sites\/11\/2023\/10\/a_palacio_guanabara_Easy-Resize.com_.jpg 1280w\" sizes=\"auto, (max-width: 800px) 100vw, 800px\" \/><\/p>\n<p style=\"text-align: justify;\">O Governo do Rio vai pagar o sal\u00e1rio de abril aos servidores nesta sexta-feira. Mesmo sendo feriado, a Casa Civil confirmou que &#8220;os cr\u00e9ditos de pagamento destinados a correntistas do Bradesco, banco respons\u00e1vel pela folha de pagamento dos servidores, ser\u00e3o realizados no pr\u00f3prio dia 1\u00ba&#8221;.<\/p>\n<p style=\"text-align: justify;\">Quem utiliza portabilidade, no entanto, receber\u00e1 o cr\u00e9dito no primeiro dia \u00fatil ap\u00f3s o cr\u00e9dito. Ou seja, na segunda-feira (4).<\/p>\n<p style=\"text-align: justify;\">A antecipa\u00e7\u00e3o dos pagamentos de servidores foi anunciada no \u00faltimo dia 7. No calend\u00e1rio divulgado no fim do ano passado, os vencimentos estavam previsto para at\u00e9 o terceiro dia \u00fatil do m\u00eas seguinte ao de refer\u00eancia.<\/p>\n<p style=\"text-align: justify;\">As datas para remunera\u00e7\u00f5es contemplam os servidores da Administra\u00e7\u00e3o P\u00fablica estadual direta e indireta, ativos e inativos, pensionistas previdenci\u00e1rios e empregados das empresas p\u00fablicas e sociedades de economia mista sob controle do estado. O calend\u00e1rio n\u00e3o se aplica a \u00f3rg\u00e3os e entidades que, em raz\u00e3o de disposi\u00e7\u00f5es espec\u00edficas, adotam data de pagamento anterior ao terceiro dia \u00fatil do m\u00eas subsequente ao de refer\u00eancia.<\/p>\n<p style=\"text-align: justify;\">Confira a tabela:<\/p>\n<p class=\"mc-column show-table__title\" style=\"text-align: justify;\">Calend\u00e1rio de pagamento dos servidores 2026<\/p>\n<div class=\"show-table__centralized\" style=\"text-align: justify;\">\n<div class=\"show-table__container\">\n<table class=\"show-table__content\n show-table__content--highlight-top        \"><\/p>\n<tbody>\n<tr>\n<td>M\u00eas de Refer\u00eancia<\/td>\n<td>Data de Pagamento<\/td>\n<\/tr>\n<tr>\n<td>Abril<\/td>\n<td>01\/05\/2026<\/td>\n<\/tr>\n<tr>\n<td>Maio<\/td>\n<td>01\/06\/2026<\/td>\n<\/tr>\n<tr>\n<td>13\u00ba (primeira parcela &#8211; 50%)<\/td>\n<td>30\/06\/2026<\/td>\n<\/tr>\n<tr>\n<td>Junho<\/td>\n<td>01\/07\/2026<\/td>\n<\/tr>\n<tr>\n<td>Julho<\/td>\n<td>01\/08\/2026<\/td>\n<\/tr>\n<tr>\n<td>Agosto<\/td>\n<td>01\/09\/2026<\/td>\n<\/tr>\n<tr>\n<td>Setembro<\/td>\n<td>01\/10\/2026<\/td>\n<\/tr>\n<tr>\n<td>Outubro<\/td>\n<td>01\/11\/2026<\/td>\n<\/tr>\n<tr>\n<td>Novembro<\/td>\n<td>01\/12\/2026<\/td>\n<\/tr>\n<tr>\n<td>13\u00ba (segunda parcela &#8211; 50%)<\/td>\n<td>19\/12\/2026<\/td>\n<\/tr>\n<tr>\n<td>Dezembro<\/td>\n<td>01\/01\/2027<\/td>\n<\/tr>\n<\/tbody>\n<\/table>\n<\/div>\n<div class=\"show-table__footer\">\n<div class=\"show-table__source\">Fonte: Secretaria de Estado da Casa Civil<\/div>\n<\/div>\n<\/div>\n<div style=\"text-align: justify;\"><\/div>\n<div style=\"text-align: justify;\">Com informa\u00e7\u00f5es Extra.<\/div>\n","protected":false},"excerpt":{"rendered":"<p>O Governo do Rio vai pagar o sal\u00e1rio de abril aos servidores nesta sexta-feira. Mesmo sendo feriado, a Casa Civil&#8230;<\/p>\n","protected":false},"author":2,"featured_media":11756,"comment_status":"open","ping_status":"open","sticky":false,"template":"","format":"standard","meta":{"colormag_page_container_layout":"default_layout","colormag_page_sidebar_layout":"default_layout","jetpack_post_was_ever_published":false,"_jetpack_newsletter_access":"","_jetpack_dont_email_post_to_subs":false,"_jetpack_newsletter_tier_id":0,"_jetpack_memberships_contains_paywalled_content":false,"_jetpack_memberships_contains_paid_content":false,"footnotes":""},"categories":[7],"tags":[],"class_list":["post-16095","post","type-post","status-publish","format-standard","has-post-thumbnail","hentry","category-economia"],"jetpack_featured_media_url":"https:\/\/www.tribunanf.com.br\/blogdoralfereis\/wp-content\/uploads\/sites\/11\/2023\/10\/a_palacio_guanabara_Easy-Resize.com_.jpg","jetpack_sharing_enabled":true,"_links":{"self":[{"href":"https:\/\/www.tribunanf.com.br\/blogdoralfereis\/wp-json\/wp\/v2\/posts\/16095","targetHints":{"allow":["GET"]}}],"collection":[{"href":"https:\/\/www.tribunanf.com.br\/blogdoralfereis\/wp-json\/wp\/v2\/posts"}],"about":[{"href":"https:\/\/www.tribunanf.com.br\/blogdoralfereis\/wp-json\/wp\/v2\/types\/post"}],"author":[{"embeddable":true,"href":"https:\/\/www.tribunanf.com.br\/blogdoralfereis\/wp-json\/wp\/v2\/users\/2"}],"replies":[{"embeddable":true,"href":"https:\/\/www.tribunanf.com.br\/blogdoralfereis\/wp-json\/wp\/v2\/comments?post=16095"}],"version-history":[{"count":2,"href":"https:\/\/www.tribunanf.com.br\/blogdoralfereis\/wp-json\/wp\/v2\/posts\/16095\/revisions"}],"predecessor-version":[{"id":16097,"href":"https:\/\/www.tribunanf.com.br\/blogdoralfereis\/wp-json\/wp\/v2\/posts\/16095\/revisions\/16097"}],"wp:featuredmedia":[{"embeddable":true,"href":"https:\/\/www.tribunanf.com.br\/blogdoralfereis\/wp-json\/wp\/v2\/media\/11756"}],"wp:attachment":[{"href":"https:\/\/www.tribunanf.com.br\/blogdoralfereis\/wp-json\/wp\/v2\/media?parent=16095"}],"wp:term":[{"taxonomy":"category","embeddable":true,"href":"https:\/\/www.tribunanf.com.br\/blogdoralfereis\/wp-json\/wp\/v2\/categories?post=16095"},{"taxonomy":"post_tag","embeddable":true,"href":"https:\/\/www.tribunanf.com.br\/blogdoralfereis\/wp-json\/wp\/v2\/tags?post=16095"}],"curies":[{"name":"wp","href":"https:\/\/api.w.org\/{rel}","templated":true}]}}