{"id":16090,"date":"2026-04-29T16:44:15","date_gmt":"2026-04-29T19:44:15","guid":{"rendered":"https:\/\/www.tribunanf.com.br\/blogdoralfereis\/?p=16090"},"modified":"2026-04-29T16:44:15","modified_gmt":"2026-04-29T19:44:15","slug":"tecnicos-do-tce-rj-apontam-graves-ilegalidades-em-licitacao-de-r-645-milhoes-para-construcao-de-hospital-da-prefeitura-de-sao-joao-da-barra","status":"publish","type":"post","link":"https:\/\/www.tribunanf.com.br\/blogdoralfereis\/2026\/04\/29\/tecnicos-do-tce-rj-apontam-graves-ilegalidades-em-licitacao-de-r-645-milhoes-para-construcao-de-hospital-da-prefeitura-de-sao-joao-da-barra\/","title":{"rendered":"T\u00e9cnicos do TCE-RJ apontam graves ilegalidades em licita\u00e7\u00e3o de R$ 64,5 milh\u00f5es para constru\u00e7\u00e3o de hospital da prefeitura de S\u00e3o Jo\u00e3o da Barra"},"content":{"rendered":"<figure id=\"attachment_15515\" aria-describedby=\"caption-attachment-15515\" style=\"width: 800px\" class=\"wp-caption aligncenter\"><img loading=\"lazy\" decoding=\"async\" class=\"size-large wp-image-15515\" src=\"https:\/\/www.tribunanf.com.br\/blogdoralfereis\/wp-content\/uploads\/sites\/11\/2026\/02\/sjb_Easy-Resize.com-1-1024x626.jpg\" alt=\"\" width=\"800\" height=\"489\" srcset=\"https:\/\/www.tribunanf.com.br\/blogdoralfereis\/wp-content\/uploads\/sites\/11\/2026\/02\/sjb_Easy-Resize.com-1-1024x626.jpg 1024w, https:\/\/www.tribunanf.com.br\/blogdoralfereis\/wp-content\/uploads\/sites\/11\/2026\/02\/sjb_Easy-Resize.com-1-300x183.jpg 300w, https:\/\/www.tribunanf.com.br\/blogdoralfereis\/wp-content\/uploads\/sites\/11\/2026\/02\/sjb_Easy-Resize.com-1-768x469.jpg 768w, https:\/\/www.tribunanf.com.br\/blogdoralfereis\/wp-content\/uploads\/sites\/11\/2026\/02\/sjb_Easy-Resize.com-1.jpg 1280w\" sizes=\"auto, (max-width: 800px) 100vw, 800px\" \/><figcaption id=\"caption-attachment-15515\" class=\"wp-caption-text\">Prefeitura de S\u00e3o Jo\u00e3o da Barra<\/figcaption><\/figure>\n<p style=\"text-align: justify;\">O Tribunal de Contas do Estado do Rio de Janeiro abriu uma Representa\u00e7\u00e3o a pedido da\u00a0Coordenadoria de Auditoria de Pol\u00edticas em Edifica\u00e7\u00f5es e Patrim\u00f4nio P\u00fablico (CAD-OBRAS), em subs\u00eddio \u00e0 Subsecretaria de Controle de Infraestrutura e Desestatiza\u00e7\u00e3o (SUB-INFRAESTRUTURA), para apurar graves ilegalidades na licita\u00e7\u00e3o para constru\u00e7\u00e3o de uma unidade hospitalar em S\u00e3o Jo\u00e3o da Barra.<\/p>\n<p style=\"text-align: justify;\">A licita\u00e7\u00e3o promovida pela prefeitura de S\u00e3o Jo\u00e3o da Barra tem valor inicial estimado em\u00a0<strong>R$ 64.581.654,68<\/strong> (sessenta e quatro milh\u00f5es, quinhentos e oitenta e um mil, seiscentos e cinquenta e quatro reais, e sessenta e oito centavos).<\/p>\n<p style=\"text-align: justify;\">A Representa\u00e7\u00e3o foi conhecida e recebida pelo Conselheiro Thiago Pampolha nesta quarta-feira (29), onde proferiu determina\u00e7\u00f5es e abriu prazo de dois dias para oitiva da prefeitura.<\/p>\n<p style=\"text-align: justify;\">Para justificar a interven\u00e7\u00e3o da Corte de Contas, por meio de representa\u00e7\u00e3o, a operosa CAD-OBRAS assinala que o citado instrumento convocat\u00f3rio padece de v\u00edcios de ilegalidade capazes de frustrar o car\u00e1ter competitivo do certame, bem como de prejudicar a sele\u00e7\u00e3o de proposta apta a gerar o resultado de contrata\u00e7\u00e3o mais vantajoso para a Administra\u00e7\u00e3o P\u00fablica, advindos de ao menos 11 irregularidades, entre elas: (i) falhas no Projeto B\u00e1sico; (ii) inconsist\u00eancias na estimativa or\u00e7ament\u00e1ria; (iii) irregularidades na defini\u00e7\u00e3o do \u00edndice de reajustamento de pre\u00e7os; (iv) aus\u00eancia de dispositivos de controle da execu\u00e7\u00e3o contratual; dentre outros\u00a0(Confira a \u00edntegra na decis\u00e3o ao final).<\/p>\n<p style=\"text-align: justify;\">Em decis\u00e3o, o Conselheiro abriu prazo de dois dias para oitiva fazendo alerta \u00e0 prefeitura.<\/p>\n<p style=\"text-align: justify;\">&#8220;..<em>.Nessa diretriz, entendo que a pr\u00e9via audi\u00eancia do jurisdicionado permitir\u00e1 a colheita de elementos de convic\u00e7\u00e3o acerca dos fatos aqui representados, possibilitando o exerc\u00edcio da atividade de controle externo a cargo desta Corte de Contas &#8211; se for o caso -, sem desconsiderar eventuais consequ\u00eancias pr\u00e1ticas da decis\u00e3o a ser proferida, atendendo, assim, ao comando insculpido no art. 20 do Decreto-Lei n\u00ba 4.657\/19426 (Lei Introdu\u00e7\u00e3o \u00e0s normas do Direito brasileiro), acrescido pela Lei Federal n\u00ba 13.655\/2018, al\u00e9m de conferir ao Ente licitante oportunidade para promover ajustes e corre\u00e7\u00f5es, se assim entender cab\u00edveis, no exerc\u00edcio do poder de autotutela administrativa.<\/em><\/p>\n<p style=\"text-align: justify;\"><em><strong>Alerto, todavia, que a realiza\u00e7\u00e3o e desfecho do certame questionado \u00e0 revelia das normas e princ\u00edpios que regem e orientam a atividade administrativa e, bem assim, a licita\u00e7\u00e3o p\u00fablica, poder\u00e1 implicar na nulidade dos atos administrativos praticados, sem preju\u00edzo da responsabiliza\u00e7\u00e3o dos agentes p\u00fablicos envolvidos.<\/strong><\/em>&#8220;, alertou Pampolha.<\/p>\n<p style=\"text-align: justify;\">Confira a \u00edntegra da decis\u00e3o: <a href=\"https:\/\/www.tribunanf.com.br\/blogdoralfereis\/wp-content\/uploads\/sites\/11\/2026\/04\/Representacao-TCE-RJ-hospital-prefeitura-de-SJB.pdf\">Representa\u00e7\u00e3o TCE-RJ hospital prefeitura de SJB<\/a><\/p>\n","protected":false},"excerpt":{"rendered":"<p>O Tribunal de Contas do Estado do Rio de Janeiro abriu uma Representa\u00e7\u00e3o a pedido da\u00a0Coordenadoria de Auditoria de Pol\u00edticas&#8230;<\/p>\n","protected":false},"author":2,"featured_media":15515,"comment_status":"open","ping_status":"open","sticky":false,"template":"","format":"standard","meta":{"colormag_page_container_layout":"default_layout","colormag_page_sidebar_layout":"default_layout","jetpack_post_was_ever_published":false,"_jetpack_newsletter_access":"","_jetpack_dont_email_post_to_subs":false,"_jetpack_newsletter_tier_id":0,"_jetpack_memberships_contains_paywalled_content":false,"_jetpack_memberships_contains_paid_content":false,"footnotes":""},"categories":[2],"tags":[],"class_list":["post-16090","post","type-post","status-publish","format-standard","has-post-thumbnail","hentry","category-politica"],"jetpack_featured_media_url":"https:\/\/www.tribunanf.com.br\/blogdoralfereis\/wp-content\/uploads\/sites\/11\/2026\/02\/sjb_Easy-Resize.com-1.jpg","jetpack_sharing_enabled":true,"_links":{"self":[{"href":"https:\/\/www.tribunanf.com.br\/blogdoralfereis\/wp-json\/wp\/v2\/posts\/16090","targetHints":{"allow":["GET"]}}],"collection":[{"href":"https:\/\/www.tribunanf.com.br\/blogdoralfereis\/wp-json\/wp\/v2\/posts"}],"about":[{"href":"https:\/\/www.tribunanf.com.br\/blogdoralfereis\/wp-json\/wp\/v2\/types\/post"}],"author":[{"embeddable":true,"href":"https:\/\/www.tribunanf.com.br\/blogdoralfereis\/wp-json\/wp\/v2\/users\/2"}],"replies":[{"embeddable":true,"href":"https:\/\/www.tribunanf.com.br\/blogdoralfereis\/wp-json\/wp\/v2\/comments?post=16090"}],"version-history":[{"count":3,"href":"https:\/\/www.tribunanf.com.br\/blogdoralfereis\/wp-json\/wp\/v2\/posts\/16090\/revisions"}],"predecessor-version":[{"id":16094,"href":"https:\/\/www.tribunanf.com.br\/blogdoralfereis\/wp-json\/wp\/v2\/posts\/16090\/revisions\/16094"}],"wp:featuredmedia":[{"embeddable":true,"href":"https:\/\/www.tribunanf.com.br\/blogdoralfereis\/wp-json\/wp\/v2\/media\/15515"}],"wp:attachment":[{"href":"https:\/\/www.tribunanf.com.br\/blogdoralfereis\/wp-json\/wp\/v2\/media?parent=16090"}],"wp:term":[{"taxonomy":"category","embeddable":true,"href":"https:\/\/www.tribunanf.com.br\/blogdoralfereis\/wp-json\/wp\/v2\/categories?post=16090"},{"taxonomy":"post_tag","embeddable":true,"href":"https:\/\/www.tribunanf.com.br\/blogdoralfereis\/wp-json\/wp\/v2\/tags?post=16090"}],"curies":[{"name":"wp","href":"https:\/\/api.w.org\/{rel}","templated":true}]}}