{"id":16088,"date":"2026-04-29T08:55:12","date_gmt":"2026-04-29T11:55:12","guid":{"rendered":"https:\/\/www.tribunanf.com.br\/blogdoralfereis\/?p=16088"},"modified":"2026-04-29T08:55:12","modified_gmt":"2026-04-29T11:55:12","slug":"sem-gastanca-governo-de-ricardo-couto-nega-patrocinio-de-mais-de-r-10-milhoes-para-show-de-shakira","status":"publish","type":"post","link":"https:\/\/www.tribunanf.com.br\/blogdoralfereis\/2026\/04\/29\/sem-gastanca-governo-de-ricardo-couto-nega-patrocinio-de-mais-de-r-10-milhoes-para-show-de-shakira\/","title":{"rendered":"Sem gastan\u00e7a: Governo de Ricardo Couto nega patroc\u00ednio de mais de R$ 10 milh\u00f5es para show de Shakira"},"content":{"rendered":"<figure id=\"attachment_16048\" aria-describedby=\"caption-attachment-16048\" style=\"width: 800px\" class=\"wp-caption aligncenter\"><img loading=\"lazy\" decoding=\"async\" class=\"size-large wp-image-16048\" src=\"https:\/\/www.tribunanf.com.br\/blogdoralfereis\/wp-content\/uploads\/sites\/11\/2026\/04\/couto_Easy-Resize.com_-1024x576.jpg\" alt=\"\" width=\"800\" height=\"450\" srcset=\"https:\/\/www.tribunanf.com.br\/blogdoralfereis\/wp-content\/uploads\/sites\/11\/2026\/04\/couto_Easy-Resize.com_-1024x576.jpg 1024w, https:\/\/www.tribunanf.com.br\/blogdoralfereis\/wp-content\/uploads\/sites\/11\/2026\/04\/couto_Easy-Resize.com_-300x169.jpg 300w, https:\/\/www.tribunanf.com.br\/blogdoralfereis\/wp-content\/uploads\/sites\/11\/2026\/04\/couto_Easy-Resize.com_-768x432.jpg 768w, https:\/\/www.tribunanf.com.br\/blogdoralfereis\/wp-content\/uploads\/sites\/11\/2026\/04\/couto_Easy-Resize.com_.jpg 1280w\" sizes=\"auto, (max-width: 800px) 100vw, 800px\" \/><figcaption id=\"caption-attachment-16048\" class=\"wp-caption-text\">Governador em exerc\u00edcio, desembargador Ricardo Couto<\/figcaption><\/figure>\n<p style=\"text-align: justify;\">O governo interino, sob o comando do desembargador Ricardo Couto, negou patroc\u00ednio para o show da cantora Shakira \u2014 que acontece neste s\u00e1bado (02).<\/p>\n<p style=\"text-align: justify;\">A decis\u00e3o partiu do Secret\u00e1rio da Casa Civil, Fl\u00e1vio Willeman, que comunicou a decis\u00e3o aos produtores do evento nessa ter\u00e7a-feira.<\/p>\n<p style=\"text-align: justify;\">O governo do Estado informou que j\u00e1 oferta toda a seguran\u00e7a necess\u00e1ria para o evento, que tamb\u00e9m tem um custo elevado para os cofres p\u00fablicos.<\/p>\n<p style=\"text-align: justify;\">A produtora buscava arrecadar no Estado o mesmo o valor ofertado pela prefeitura do Rio: R$15 milh\u00f5es.<\/p>\n<p style=\"text-align: justify;\">A equipe de Shakira ainda deve tentar recorrer ao governador em exerc\u00edcio Ricardo Couto. Mas a decis\u00e3o do secret\u00e1rio Fl\u00e1vio Wileman deve ser mantida.<\/p>\n","protected":false},"excerpt":{"rendered":"<p>O governo interino, sob o comando do desembargador Ricardo Couto, negou patroc\u00ednio para o show da cantora Shakira \u2014 que&#8230;<\/p>\n","protected":false},"author":2,"featured_media":16048,"comment_status":"open","ping_status":"open","sticky":false,"template":"","format":"standard","meta":{"colormag_page_container_layout":"default_layout","colormag_page_sidebar_layout":"default_layout","jetpack_post_was_ever_published":false,"_jetpack_newsletter_access":"","_jetpack_dont_email_post_to_subs":false,"_jetpack_newsletter_tier_id":0,"_jetpack_memberships_contains_paywalled_content":false,"_jetpack_memberships_contains_paid_content":false,"footnotes":""},"categories":[2],"tags":[],"class_list":["post-16088","post","type-post","status-publish","format-standard","has-post-thumbnail","hentry","category-politica"],"jetpack_featured_media_url":"https:\/\/www.tribunanf.com.br\/blogdoralfereis\/wp-content\/uploads\/sites\/11\/2026\/04\/couto_Easy-Resize.com_.jpg","jetpack_sharing_enabled":true,"_links":{"self":[{"href":"https:\/\/www.tribunanf.com.br\/blogdoralfereis\/wp-json\/wp\/v2\/posts\/16088","targetHints":{"allow":["GET"]}}],"collection":[{"href":"https:\/\/www.tribunanf.com.br\/blogdoralfereis\/wp-json\/wp\/v2\/posts"}],"about":[{"href":"https:\/\/www.tribunanf.com.br\/blogdoralfereis\/wp-json\/wp\/v2\/types\/post"}],"author":[{"embeddable":true,"href":"https:\/\/www.tribunanf.com.br\/blogdoralfereis\/wp-json\/wp\/v2\/users\/2"}],"replies":[{"embeddable":true,"href":"https:\/\/www.tribunanf.com.br\/blogdoralfereis\/wp-json\/wp\/v2\/comments?post=16088"}],"version-history":[{"count":1,"href":"https:\/\/www.tribunanf.com.br\/blogdoralfereis\/wp-json\/wp\/v2\/posts\/16088\/revisions"}],"predecessor-version":[{"id":16089,"href":"https:\/\/www.tribunanf.com.br\/blogdoralfereis\/wp-json\/wp\/v2\/posts\/16088\/revisions\/16089"}],"wp:featuredmedia":[{"embeddable":true,"href":"https:\/\/www.tribunanf.com.br\/blogdoralfereis\/wp-json\/wp\/v2\/media\/16048"}],"wp:attachment":[{"href":"https:\/\/www.tribunanf.com.br\/blogdoralfereis\/wp-json\/wp\/v2\/media?parent=16088"}],"wp:term":[{"taxonomy":"category","embeddable":true,"href":"https:\/\/www.tribunanf.com.br\/blogdoralfereis\/wp-json\/wp\/v2\/categories?post=16088"},{"taxonomy":"post_tag","embeddable":true,"href":"https:\/\/www.tribunanf.com.br\/blogdoralfereis\/wp-json\/wp\/v2\/tags?post=16088"}],"curies":[{"name":"wp","href":"https:\/\/api.w.org\/{rel}","templated":true}]}}