{"id":16083,"date":"2026-04-28T12:42:41","date_gmt":"2026-04-28T15:42:41","guid":{"rendered":"https:\/\/www.tribunanf.com.br\/blogdoralfereis\/?p=16083"},"modified":"2026-04-28T12:42:41","modified_gmt":"2026-04-28T15:42:41","slug":"governador-ricardo-couto-assina-decreto-que-endurece-fiscalizacao-sobre-contratos-milionarios-no-governo-do-rio","status":"publish","type":"post","link":"https:\/\/www.tribunanf.com.br\/blogdoralfereis\/2026\/04\/28\/governador-ricardo-couto-assina-decreto-que-endurece-fiscalizacao-sobre-contratos-milionarios-no-governo-do-rio\/","title":{"rendered":"Governador Ricardo Couto assina decreto que endurece fiscaliza\u00e7\u00e3o sobre contratos milion\u00e1rios no Governo do Rio"},"content":{"rendered":"<figure id=\"attachment_15897\" aria-describedby=\"caption-attachment-15897\" style=\"width: 800px\" class=\"wp-caption aligncenter\"><img loading=\"lazy\" decoding=\"async\" class=\"size-large wp-image-15897\" src=\"https:\/\/www.tribunanf.com.br\/blogdoralfereis\/wp-content\/uploads\/sites\/11\/2026\/03\/ricardo-couto_Easy-Resize.com_-1024x681.jpg\" alt=\"\" width=\"800\" height=\"532\" srcset=\"https:\/\/www.tribunanf.com.br\/blogdoralfereis\/wp-content\/uploads\/sites\/11\/2026\/03\/ricardo-couto_Easy-Resize.com_-1024x681.jpg 1024w, https:\/\/www.tribunanf.com.br\/blogdoralfereis\/wp-content\/uploads\/sites\/11\/2026\/03\/ricardo-couto_Easy-Resize.com_-300x199.jpg 300w, https:\/\/www.tribunanf.com.br\/blogdoralfereis\/wp-content\/uploads\/sites\/11\/2026\/03\/ricardo-couto_Easy-Resize.com_-768x511.jpg 768w, https:\/\/www.tribunanf.com.br\/blogdoralfereis\/wp-content\/uploads\/sites\/11\/2026\/03\/ricardo-couto_Easy-Resize.com_.jpg 1280w\" sizes=\"auto, (max-width: 800px) 100vw, 800px\" \/><figcaption id=\"caption-attachment-15897\" class=\"wp-caption-text\">Desembargador Ricardo Couto<\/figcaption><\/figure>\n<p style=\"text-align: justify;\">Entre uma exonera\u00e7\u00e3o e outra, o governador em exerc\u00edcio do Rio, desembargador Ricardo Couto de Castro, aproveitou a edi\u00e7\u00e3o desta ter\u00e7a (27) do Di\u00e1rio Oficial para alterar uma lei de 2007 para endurecer a fiscaliza\u00e7\u00e3o de contratos e licita\u00e7\u00f5es de alto impacto financeiro firmados pelo Executivo fluminense, informa o site Tempo Real.<\/p>\n<p style=\"text-align: justify;\">Segundo o decreto, a partir de agora, qualquer edital, contrata\u00e7\u00e3o direta, conv\u00eanio ou acordo trabalhista que envolva valores iguais ou superiores a R$ 10 milh\u00f5es dever\u00e1, obrigatoriamente, passar por um crivo jur\u00eddico mais rigoroso do que o previsto originalmente.<\/p>\n<p style=\"text-align: justify;\">A regra assinada por Ricardo Couto se aplica, inclusive, a ades\u00f5es a atas de registro de pre\u00e7os e termos aditivos, mesmo que os pagamentos sejam parcelados.<\/p>\n<p style=\"text-align: justify;\">A fiscaliza\u00e7\u00e3o mais rigorosa atinge, principalmente, autarquias e funda\u00e7\u00f5es que n\u00e3o tenham um procurador do estado sob o comando do setor jur\u00eddico. Nesses casos, todos os pareceres sobre contratos acima do teto v\u00e3o ter que aguardar a valida\u00e7\u00e3o do \u00f3rg\u00e3o jur\u00eddico da Secretaria \u00e0 qual a entidade estiver vinculada.<\/p>\n<p style=\"text-align: justify;\">Segundo o texto, o objetivo da mudan\u00e7a \u00e9 adequar o regime jur\u00eddico dos \u00f3rg\u00e3os estaduais \u00e0 legisla\u00e7\u00e3o federal conhecida como Nova Lei de Licita\u00e7\u00f5es. A medida j\u00e1 est\u00e1 em vigor.<\/p>\n<p><img loading=\"lazy\" decoding=\"async\" class=\"aligncenter size-full wp-image-16084\" src=\"https:\/\/www.tribunanf.com.br\/blogdoralfereis\/wp-content\/uploads\/sites\/11\/2026\/04\/WhatsApp-Image-2026-04-28-at-11.56.34.jpeg\" alt=\"\" width=\"531\" height=\"502\" srcset=\"https:\/\/www.tribunanf.com.br\/blogdoralfereis\/wp-content\/uploads\/sites\/11\/2026\/04\/WhatsApp-Image-2026-04-28-at-11.56.34.jpeg 531w, https:\/\/www.tribunanf.com.br\/blogdoralfereis\/wp-content\/uploads\/sites\/11\/2026\/04\/WhatsApp-Image-2026-04-28-at-11.56.34-300x284.jpeg 300w\" sizes=\"auto, (max-width: 531px) 100vw, 531px\" \/><\/p>\n<p><img loading=\"lazy\" decoding=\"async\" class=\"aligncenter size-full wp-image-16085\" src=\"https:\/\/www.tribunanf.com.br\/blogdoralfereis\/wp-content\/uploads\/sites\/11\/2026\/04\/WhatsApp-Image-2026-04-28-at-11.56.34-1.jpeg\" alt=\"\" width=\"493\" height=\"631\" srcset=\"https:\/\/www.tribunanf.com.br\/blogdoralfereis\/wp-content\/uploads\/sites\/11\/2026\/04\/WhatsApp-Image-2026-04-28-at-11.56.34-1.jpeg 493w, https:\/\/www.tribunanf.com.br\/blogdoralfereis\/wp-content\/uploads\/sites\/11\/2026\/04\/WhatsApp-Image-2026-04-28-at-11.56.34-1-234x300.jpeg 234w\" sizes=\"auto, (max-width: 493px) 100vw, 493px\" \/><\/p>\n","protected":false},"excerpt":{"rendered":"<p>Entre uma exonera\u00e7\u00e3o e outra, o governador em exerc\u00edcio do Rio, desembargador Ricardo Couto de Castro, aproveitou a edi\u00e7\u00e3o desta&#8230;<\/p>\n","protected":false},"author":2,"featured_media":15897,"comment_status":"open","ping_status":"open","sticky":false,"template":"","format":"standard","meta":{"colormag_page_container_layout":"default_layout","colormag_page_sidebar_layout":"default_layout","jetpack_post_was_ever_published":false,"_jetpack_newsletter_access":"","_jetpack_dont_email_post_to_subs":false,"_jetpack_newsletter_tier_id":0,"_jetpack_memberships_contains_paywalled_content":false,"_jetpack_memberships_contains_paid_content":false,"footnotes":""},"categories":[2],"tags":[],"class_list":["post-16083","post","type-post","status-publish","format-standard","has-post-thumbnail","hentry","category-politica"],"jetpack_featured_media_url":"https:\/\/www.tribunanf.com.br\/blogdoralfereis\/wp-content\/uploads\/sites\/11\/2026\/03\/ricardo-couto_Easy-Resize.com_.jpg","jetpack_sharing_enabled":true,"_links":{"self":[{"href":"https:\/\/www.tribunanf.com.br\/blogdoralfereis\/wp-json\/wp\/v2\/posts\/16083","targetHints":{"allow":["GET"]}}],"collection":[{"href":"https:\/\/www.tribunanf.com.br\/blogdoralfereis\/wp-json\/wp\/v2\/posts"}],"about":[{"href":"https:\/\/www.tribunanf.com.br\/blogdoralfereis\/wp-json\/wp\/v2\/types\/post"}],"author":[{"embeddable":true,"href":"https:\/\/www.tribunanf.com.br\/blogdoralfereis\/wp-json\/wp\/v2\/users\/2"}],"replies":[{"embeddable":true,"href":"https:\/\/www.tribunanf.com.br\/blogdoralfereis\/wp-json\/wp\/v2\/comments?post=16083"}],"version-history":[{"count":2,"href":"https:\/\/www.tribunanf.com.br\/blogdoralfereis\/wp-json\/wp\/v2\/posts\/16083\/revisions"}],"predecessor-version":[{"id":16087,"href":"https:\/\/www.tribunanf.com.br\/blogdoralfereis\/wp-json\/wp\/v2\/posts\/16083\/revisions\/16087"}],"wp:featuredmedia":[{"embeddable":true,"href":"https:\/\/www.tribunanf.com.br\/blogdoralfereis\/wp-json\/wp\/v2\/media\/15897"}],"wp:attachment":[{"href":"https:\/\/www.tribunanf.com.br\/blogdoralfereis\/wp-json\/wp\/v2\/media?parent=16083"}],"wp:term":[{"taxonomy":"category","embeddable":true,"href":"https:\/\/www.tribunanf.com.br\/blogdoralfereis\/wp-json\/wp\/v2\/categories?post=16083"},{"taxonomy":"post_tag","embeddable":true,"href":"https:\/\/www.tribunanf.com.br\/blogdoralfereis\/wp-json\/wp\/v2\/tags?post=16083"}],"curies":[{"name":"wp","href":"https:\/\/api.w.org\/{rel}","templated":true}]}}